{"id":209609,"date":"2024-05-13T11:01:05","date_gmt":"2024-05-13T17:01:05","guid":{"rendered":"https:\/\/www.enteratever.com\/2023\/?p=209609"},"modified":"2024-05-13T11:01:05","modified_gmt":"2024-05-13T17:01:05","slug":"celebremos-el-dim-recorriendo-la-ruta-cultural-por-los-recintos-de-la-secver-en-el-puerto-de-veracruz","status":"publish","type":"post","link":"https:\/\/www.enteratever.com\/2023\/2024\/05\/13\/celebremos-el-dim-recorriendo-la-ruta-cultural-por-los-recintos-de-la-secver-en-el-puerto-de-veracruz\/","title":{"rendered":"Celebremos el #DIM recorriendo la \u201cRuta cultural\u201d por los recintos de la SECVER en el puerto de Veracruz"},"content":{"rendered":"<p>Visitas: 1<\/p><p>La Secretar\u00eda de Cultura de Veracruz contin\u00faa celebrando el D\u00eda Internacional de los Museos con un recorrido guiado por su red de recintos culturales en el Centro Hist\u00f3rico del puerto de Veracruz. El s\u00e1bado 18 de mayo, desde las 16:00 y hasta las 18:00 horas, podr\u00e1s explorar los espacios y exposiciones vigentes del Centro Cultural Exconvento Betlehemita, el Centro Cultural Atarazanas, la Fototeca de Veracruz y el Centro Cultural Casa Principal. La actividad es gratuita, previo registro.<\/p>\n<p>Esta fecha se celebra cada 18 de mayo desde 1977 a iniciativa del Consejo Internacional de los Museos (ICOM) y este a\u00f1o busca resaltar el importante papel de estos espacios culturales en el desarrollo del aprendizaje, la investigaci\u00f3n y la creatividad. La red de recintos de la SECVER se suma a esta celebraci\u00f3n con una tarde de museos en el puerto de Veracruz, ofreciendo al p\u00fablico visitas guiadas y actividades interactivas en su red de recintos en el Centro Hist\u00f3rico de la ciudad.<\/p>\n<p>El recorrido iniciar\u00e1 en el Centro Cultural Exconvento Betlehemita con la exposici\u00f3n Hija de su madre. Una exposici\u00f3n de M\u00f3nica Mayer, donde se podr\u00e1 conocer el trabajo de la reconocida artista feminista, pionera del performance y la gr\u00e1fica digital en M\u00e9xico. Posteriormente se visitar\u00e1 el Centro Cultural Atarazanas y la colecci\u00f3n Desiderio H. Xochitiotzin. Sembrador de nubes, serie de obras pict\u00f3ricas realizadas en t\u00e9cnicas de \u00f3leo y acr\u00edlico en las que el destacado pintor y muralista plasm\u00f3 las fiestas, costumbres, paisajes y tradiciones del pueblo tlaxcalteca.<\/p>\n<p>El siguiente punto de reuni\u00f3n es la Fototeca de Veracruz, actual sede de la muestra Flor Gardu\u00f1o. La construcci\u00f3n del instante, mirada retrospectiva del trabajo de una de las fot\u00f3grafas mexicanas m\u00e1s destacadas a nivel internacional, que da cuenta de su maestr\u00eda en el manejo de la luz y la diversidad de temas en los que ha trabajado durante m\u00e1s de tres d\u00e9cadas. <\/p>\n<p>Finalmente, se recorrer\u00e1 el Centro Cultural Casa Principal y la exposici\u00f3n de la obras seleccionadas de la 11\u00aa Bienal de Cer\u00e1mica Utilitaria Contempor\u00e1nea, muestra de la labor cer\u00e1mica del pa\u00eds.<\/p>\n<p>La SECVER invita a participar en esta Ruta cultural el pr\u00f3ximo s\u00e1bado 18 de mayo, de 16:00 a 18:00 horas. Las personas interesadas pueden registrarse en https:\/\/bit.ly\/RutaCulturalDIM2024.Consulta toda la oferta cultural de la Secretar\u00eda este D\u00eda Internacional de los Museos en el sitio web www.culturaveracruz.gob.mx y las redes sociales @SECVERoficial.<\/p>\n","protected":false},"excerpt":{"rendered":"<p>Visitas: 1La Secretar\u00eda de Cultura de Veracruz contin\u00faa celebrando el D\u00eda Internacional de los Museos con un recorrido guiado por su red de recintos culturales en el Centro Hist\u00f3rico del puerto de Veracruz. El s\u00e1bado 18 de mayo, desde las 16:00 y hasta las 18:00 horas, podr\u00e1s explorar los espacios y exposiciones vigentes del Centro [&hellip;]<\/p>\n","protected":false},"author":2,"featured_media":209611,"comment_status":"open","ping_status":"open","sticky":false,"template":"","format":"standard","meta":{"footnotes":""},"categories":[237,236],"tags":[],"class_list":{"0":"post-209609","1":"post","2":"type-post","3":"status-publish","4":"format-standard","5":"has-post-thumbnail","7":"category-xalapa","8":"category-zona-centro"},"nelio_content":{"isAutoShareEnabled":true,"autoShareEndMode":"never","automationSources":{"useCustomSentences":false,"customSentences":[]},"followers":[],"suggestedReferences":[],"efiUrl":"","efiAlt":"","highlights":[],"permalinkQueryArgs":[],"series":[]},"_links":{"self":[{"href":"https:\/\/www.enteratever.com\/2023\/wp-json\/wp\/v2\/posts\/209609","targetHints":{"allow":["GET"]}}],"collection":[{"href":"https:\/\/www.enteratever.com\/2023\/wp-json\/wp\/v2\/posts"}],"about":[{"href":"https:\/\/www.enteratever.com\/2023\/wp-json\/wp\/v2\/types\/post"}],"author":[{"embeddable":true,"href":"https:\/\/www.enteratever.com\/2023\/wp-json\/wp\/v2\/users\/2"}],"replies":[{"embeddable":true,"href":"https:\/\/www.enteratever.com\/2023\/wp-json\/wp\/v2\/comments?post=209609"}],"version-history":[{"count":1,"href":"https:\/\/www.enteratever.com\/2023\/wp-json\/wp\/v2\/posts\/209609\/revisions"}],"predecessor-version":[{"id":209615,"href":"https:\/\/www.enteratever.com\/2023\/wp-json\/wp\/v2\/posts\/209609\/revisions\/209615"}],"wp:featuredmedia":[{"embeddable":true,"href":"https:\/\/www.enteratever.com\/2023\/wp-json\/wp\/v2\/media\/209611"}],"wp:attachment":[{"href":"https:\/\/www.enteratever.com\/2023\/wp-json\/wp\/v2\/media?parent=209609"}],"wp:term":[{"taxonomy":"category","embeddable":true,"href":"https:\/\/www.enteratever.com\/2023\/wp-json\/wp\/v2\/categories?post=209609"},{"taxonomy":"post_tag","embeddable":true,"href":"https:\/\/www.enteratever.com\/2023\/wp-json\/wp\/v2\/tags?post=209609"}],"curies":[{"name":"wp","href":"https:\/\/api.w.org\/{rel}","templated":true}]}}