{"id":209469,"date":"2024-05-09T16:10:53","date_gmt":"2024-05-09T22:10:53","guid":{"rendered":"https:\/\/www.enteratever.com\/2023\/?p=209469"},"modified":"2024-05-09T11:57:07","modified_gmt":"2024-05-09T17:57:07","slug":"invita-secver-al-programa-de-actividades-por-el-dia-internacional-de-los-museos-de-la-casa-museo-guillermo-landa","status":"publish","type":"post","link":"https:\/\/www.enteratever.com\/2023\/2024\/05\/09\/invita-secver-al-programa-de-actividades-por-el-dia-internacional-de-los-museos-de-la-casa-museo-guillermo-landa\/","title":{"rendered":"Invita SECVER al programa de actividades por el D\u00eda Internacional de los Museos de la Casa Museo Guillermo Landa"},"content":{"rendered":"<p>Visitas: 3<\/p><p>La Secretar\u00eda de Cultura de Veracruz, a trav\u00e9s de la Casa Museo Guillermo Landa, invita a escuelas, instituciones, asociaciones y al p\u00fablico en general a participar de un programa especial de actividades en conmemoraci\u00f3n del D\u00eda Internacional de los Museos, que a\u00f1o con a\u00f1o se celebra el 18 de mayo. Disfruta de conversatorios y talleres gratuitos del martes 14 al s\u00e1bado 25 de mayo en Avenida 1, No. 333,  en el centro de la ciudad de Huatusco, Veracruz.<\/p>\n<p>Del martes 14 al s\u00e1bado 18 de mayo, a partir de las 16:00 horas, se desarrollar\u00e1 el taller J\u00f3venes investigadores, taller de redes sociales, dirigido al p\u00fablico de 15 a 18 a\u00f1os de edad. Esta actividad, a cargo de Severo P\u00e9rez y Saribel Lara, colaboradores de la SECVER, brindar\u00e1 herramientas te\u00f3ricas y t\u00e9cnicas necesarias para que las y los participantes puedan generar contenidos para las distintas redes sociales con el fin de difundir el acervo que resguarda la Casa Museo. El proyecto final de este taller resultar\u00e1 en una serie de materiales que se compartir\u00e1n en las redes sociales del recinto huatusque\u00f1o.<\/p>\n<p>El s\u00e1bado 11 de mayo a las 12:00 horas se llevar\u00e1 a cabo el conversatorio Educaci\u00f3n especial y Museos, un binomio en favor de las generaciones, di\u00e1logo con Miriam Trujillo, licenciada en Educaci\u00f3n Especial. Su visi\u00f3n como docente de un sector social vulnerable, adem\u00e1s de sus investigaciones en el campo de la educaci\u00f3n art\u00edstica, permitir\u00e1n a las y los asistentes apreciar un panorama m\u00e1s amplio de los procesos educativos que entrelazan las colecciones resguardadas por museos y galer\u00edas con los conceptos que se estudian en el aula.<\/p>\n<p>Con la participaci\u00f3n de Xahil Fuentes, Isabel Xaca, Estrella Arcos, Monserrat Barrios y Vianey Fern\u00e1ndez, todas ellas docentes de distintos niveles educativos de la ciudad de Huatusco y sus comunidades aleda\u00f1as, el s\u00e1bado 18 de mayo a las 12:00 horas tendr\u00e1 lugar el conversatorio Convergencias, la Casa Museo y mi experiencia como docente. En esta plenaria de experiencias, las ponentes pondr\u00e1n sobre la mesa distintas reflexiones en torno a c\u00f3mo los museos pueden y deben ser parte de la formaci\u00f3n que docentes y alumnos comparten al interior de las aulas. Tambi\u00e9n compartir\u00e1n la forma en la que desde sus planeaciones consideran actividades antes, durante y posteriores a la visita de alg\u00fan espacio cultural.<\/p>\n<p>El s\u00e1bado 25 a las 12:00 horas en la sala audiovisual del recinto se realizar\u00e1 la charla Las galer\u00edas universitarias, alcances y retos en pro de la investigaci\u00f3n, con la participaci\u00f3n de Roberto Gonz\u00e1lez, coordinador de la Galer\u00eda AP de la Facultad de Artes Pl\u00e1sticas de la Universidad Veracruzana. \u00c9l buscar\u00e1 reflexionar acerca del papel que desarrollan las galer\u00edas universitarias en las nuevas investigaciones art\u00edsticas realizadas por las y los alumnos de las carreras de artes pl\u00e1sticas, as\u00ed como su importancia como espacios para la innovaci\u00f3n de discursos est\u00e9ticos por parte de artistas consolidados y en formaci\u00f3n.<\/p>\n<p>La SECVER reitera la invitaci\u00f3n a participar en las actividades con las que la Casa Museo Guillermo Landa celebra el D\u00eda Internacional de los Museos 2024. Todas son gratuitas. Consulta la programaci\u00f3n completa del recinto y solicita m\u00e1s informaci\u00f3n a trav\u00e9s de la p\u00e1gina de Facebook @CasaMuseoLanda. Visita el sitio web www.culturaveracruz.gob.mx para conocer la oferta cultural de la Secretar\u00eda esta temporada.<\/p>\n","protected":false},"excerpt":{"rendered":"<p>Visitas: 3La Secretar\u00eda de Cultura de Veracruz, a trav\u00e9s de la Casa Museo Guillermo Landa, invita a escuelas, instituciones, asociaciones y al p\u00fablico en general a participar de un programa especial de actividades en conmemoraci\u00f3n del D\u00eda Internacional de los Museos, que a\u00f1o con a\u00f1o se celebra el 18 de mayo. Disfruta de conversatorios y [&hellip;]<\/p>\n","protected":false},"author":2,"featured_media":209475,"comment_status":"open","ping_status":"open","sticky":false,"template":"","format":"standard","meta":{"footnotes":""},"categories":[237,236],"tags":[],"class_list":{"0":"post-209469","1":"post","2":"type-post","3":"status-publish","4":"format-standard","5":"has-post-thumbnail","7":"category-xalapa","8":"category-zona-centro"},"nelio_content":{"isAutoShareEnabled":true,"autoShareEndMode":"never","automationSources":{"useCustomSentences":false,"customSentences":[]},"followers":[],"suggestedReferences":[],"efiUrl":"","efiAlt":"","highlights":[],"permalinkQueryArgs":[],"series":[]},"_links":{"self":[{"href":"https:\/\/www.enteratever.com\/2023\/wp-json\/wp\/v2\/posts\/209469","targetHints":{"allow":["GET"]}}],"collection":[{"href":"https:\/\/www.enteratever.com\/2023\/wp-json\/wp\/v2\/posts"}],"about":[{"href":"https:\/\/www.enteratever.com\/2023\/wp-json\/wp\/v2\/types\/post"}],"author":[{"embeddable":true,"href":"https:\/\/www.enteratever.com\/2023\/wp-json\/wp\/v2\/users\/2"}],"replies":[{"embeddable":true,"href":"https:\/\/www.enteratever.com\/2023\/wp-json\/wp\/v2\/comments?post=209469"}],"version-history":[{"count":1,"href":"https:\/\/www.enteratever.com\/2023\/wp-json\/wp\/v2\/posts\/209469\/revisions"}],"predecessor-version":[{"id":209479,"href":"https:\/\/www.enteratever.com\/2023\/wp-json\/wp\/v2\/posts\/209469\/revisions\/209479"}],"wp:featuredmedia":[{"embeddable":true,"href":"https:\/\/www.enteratever.com\/2023\/wp-json\/wp\/v2\/media\/209475"}],"wp:attachment":[{"href":"https:\/\/www.enteratever.com\/2023\/wp-json\/wp\/v2\/media?parent=209469"}],"wp:term":[{"taxonomy":"category","embeddable":true,"href":"https:\/\/www.enteratever.com\/2023\/wp-json\/wp\/v2\/categories?post=209469"},{"taxonomy":"post_tag","embeddable":true,"href":"https:\/\/www.enteratever.com\/2023\/wp-json\/wp\/v2\/tags?post=209469"}],"curies":[{"name":"wp","href":"https:\/\/api.w.org\/{rel}","templated":true}]}}