{"id":209468,"date":"2024-05-09T16:00:52","date_gmt":"2024-05-09T22:00:52","guid":{"rendered":"https:\/\/www.enteratever.com\/2023\/?p=209468"},"modified":"2024-05-09T11:57:05","modified_gmt":"2024-05-09T17:57:05","slug":"invita-jex-a-disfrutar-los-ultimos-dias-de-la-exposicion-recurrencias-y-alternancias","status":"publish","type":"post","link":"https:\/\/www.enteratever.com\/2023\/2024\/05\/09\/invita-jex-a-disfrutar-los-ultimos-dias-de-la-exposicion-recurrencias-y-alternancias\/","title":{"rendered":"Invita JEX a disfrutar los \u00faltimos d\u00edas de la exposici\u00f3n Recurrencias y alternancias"},"content":{"rendered":"<p>Visitas: 1<\/p><p>La Secretar\u00eda de Cultura de Veracruz invita a disfrutar de los \u00faltimos d\u00edas de la exposici\u00f3n Recurrencias y alternancias, muestra colectiva de acad\u00e9micas y acad\u00e9micos del Instituto y la Facultad de Artes Pl\u00e1sticas de la Universidad Veracruzana que se inaugur\u00f3 en pasado 16 de marzo en la Sala Bromelia del Jard\u00edn de las Esculturas. La colecci\u00f3n puede visitarse de martes a domingo, de 10:00 a 19:00 horas, hasta el pr\u00f3ximo domingo 26 de mayo.<\/p>\n<p>Este proyecto est\u00e1 conformado por obras de Yosi Anaya, Dar\u00edo Mel\u00e9ndez, Sergio Dom\u00ednguez, Scott HVN y Xavier C\u00f3zar, integrantes del cuerpo acad\u00e9mico Producci\u00f3n y reflexi\u00f3n de procesos art\u00edsticos contempor\u00e1neos. Dichas piezas sumergen al espectador en las indagaciones personales de sus autores, procesos creativos donde la expansi\u00f3n y diseminaci\u00f3n de conceptos ha sido fundamental, y que se entrelazan en esta colecci\u00f3n. As\u00ed, la exposici\u00f3n se ha convertido en un espacio de di\u00e1logo y exploraci\u00f3n entre disciplinas art\u00edsticas y procesos de investigaci\u00f3n, enriqueci\u00e9ndose de saberes diversos como el arte textil, el dise\u00f1o y la gr\u00e1fica.<\/p>\n<p>Como parte de las actividades de cierre de este espacio de resonancias y encuentros, el s\u00e1bado 11 de mayo a las 13:00 horas se compartir\u00e1 una charla con las y los creadores. El di\u00e1logo tambi\u00e9n contar\u00e1 con la participaci\u00f3n de otros estudiantes, artistas y acad\u00e9micos de la Universidad Veracruzana. Al finalizar, las y los asistentes podr\u00e1n participar en una activaci\u00f3n de improvisaci\u00f3n sonora y de dibujo, explorando el trazo desde lo bidimensional a lo tridimensional, de la textura al ruido.<\/p>\n<p>La SECVER reitera la invitaci\u00f3n a visitar la exposici\u00f3n Recurrencias y alternancias, que se encontrar\u00e1 disponible en la Sala Bromelia del Jard\u00edn de las Esculturas, de martes a domingo, de 10:00 a 19:00 horas, hasta el pr\u00f3ximo domingo 26 de mayo. La entrada a la sala y las actividades de cierre de la muestra es gratuita. Consulta la programaci\u00f3n completa del JEX en el sitio web https:\/\/jex.veracruzcultura.com y las redes sociales Facebook e Instagram @JardinDeLasEsculturas. Conoce toda la oferta de la Secretar\u00eda de Cultura de Veracruz a trav\u00e9s de la p\u00e1gina web oficial www.culturaveracruz.gob.mx.<\/p>\n","protected":false},"excerpt":{"rendered":"<p>Visitas: 1La Secretar\u00eda de Cultura de Veracruz invita a disfrutar de los \u00faltimos d\u00edas de la exposici\u00f3n Recurrencias y alternancias, muestra colectiva de acad\u00e9micas y acad\u00e9micos del Instituto y la Facultad de Artes Pl\u00e1sticas de la Universidad Veracruzana que se inaugur\u00f3 en pasado 16 de marzo en la Sala Bromelia del Jard\u00edn de las Esculturas. [&hellip;]<\/p>\n","protected":false},"author":2,"featured_media":209474,"comment_status":"open","ping_status":"open","sticky":false,"template":"","format":"standard","meta":{"footnotes":""},"categories":[237,236],"tags":[],"class_list":{"0":"post-209468","1":"post","2":"type-post","3":"status-publish","4":"format-standard","5":"has-post-thumbnail","7":"category-xalapa","8":"category-zona-centro"},"nelio_content":{"isAutoShareEnabled":true,"autoShareEndMode":"never","automationSources":{"useCustomSentences":false,"customSentences":[]},"followers":[],"suggestedReferences":[],"efiUrl":"","efiAlt":"","highlights":[],"permalinkQueryArgs":[],"series":[]},"_links":{"self":[{"href":"https:\/\/www.enteratever.com\/2023\/wp-json\/wp\/v2\/posts\/209468","targetHints":{"allow":["GET"]}}],"collection":[{"href":"https:\/\/www.enteratever.com\/2023\/wp-json\/wp\/v2\/posts"}],"about":[{"href":"https:\/\/www.enteratever.com\/2023\/wp-json\/wp\/v2\/types\/post"}],"author":[{"embeddable":true,"href":"https:\/\/www.enteratever.com\/2023\/wp-json\/wp\/v2\/users\/2"}],"replies":[{"embeddable":true,"href":"https:\/\/www.enteratever.com\/2023\/wp-json\/wp\/v2\/comments?post=209468"}],"version-history":[{"count":1,"href":"https:\/\/www.enteratever.com\/2023\/wp-json\/wp\/v2\/posts\/209468\/revisions"}],"predecessor-version":[{"id":209478,"href":"https:\/\/www.enteratever.com\/2023\/wp-json\/wp\/v2\/posts\/209468\/revisions\/209478"}],"wp:featuredmedia":[{"embeddable":true,"href":"https:\/\/www.enteratever.com\/2023\/wp-json\/wp\/v2\/media\/209474"}],"wp:attachment":[{"href":"https:\/\/www.enteratever.com\/2023\/wp-json\/wp\/v2\/media?parent=209468"}],"wp:term":[{"taxonomy":"category","embeddable":true,"href":"https:\/\/www.enteratever.com\/2023\/wp-json\/wp\/v2\/categories?post=209468"},{"taxonomy":"post_tag","embeddable":true,"href":"https:\/\/www.enteratever.com\/2023\/wp-json\/wp\/v2\/tags?post=209468"}],"curies":[{"name":"wp","href":"https:\/\/api.w.org\/{rel}","templated":true}]}}