{"id":209467,"date":"2024-05-09T15:50:51","date_gmt":"2024-05-09T21:50:51","guid":{"rendered":"https:\/\/www.enteratever.com\/2023\/?p=209467"},"modified":"2024-05-09T11:44:04","modified_gmt":"2024-05-09T17:44:04","slug":"presentan-secver-e-inegi-el-taller-virtual-como-entender-la-cuenta-satelite-de-cultura-de-mexico","status":"publish","type":"post","link":"https:\/\/www.enteratever.com\/2023\/2024\/05\/09\/presentan-secver-e-inegi-el-taller-virtual-como-entender-la-cuenta-satelite-de-cultura-de-mexico\/","title":{"rendered":"Presentan SECVER e INEGI el taller virtual \u201c\u00bfC\u00f3mo entender la Cuenta Sat\u00e9lite de Cultura de M\u00e9xico?\u201d"},"content":{"rendered":"<p>Visitas: 8<\/p><p>La Secretar\u00eda de Cultura de Veracruz, a trav\u00e9s del Programa de Empresas Culturales y Creativas Veracruzanas, invita a participar en el taller virtual \u00bfC\u00f3mo entender la Cuenta Sat\u00e9lite de Cultura de M\u00e9xico?, coordinado e impartido por el Instituto Nacional de Estad\u00edstica y Geograf\u00eda. La actividad se desarrollar\u00e1 de manera gratuita el lunes 13 y martes 14 de mayo, de 15:00 a 16:00 horas, a trav\u00e9s de la plataforma Microsoft Teams, como parte de la quinta edici\u00f3n del Mercado de Empresas Culturales y Creativas Veracruzanas (MECCVER). <\/p>\n<p>El taller est\u00e1 dise\u00f1ado para proporcionar una comprensi\u00f3n profunda y pr\u00e1ctica de este importante instrumento de an\u00e1lisis cultural. La Cuenta Sat\u00e9lite de Cultura proporciona un an\u00e1lisis detallado de la actividad cultural en M\u00e9xico en t\u00e9rminos econ\u00f3micos, es decir, su aporte al PIB nacional y la creaci\u00f3n de empleos, incluyendo sectores como las artes visuales, la m\u00fasica, el cine, la artesan\u00eda y el turismo cultural, entre otros m\u00e1s. A trav\u00e9s de las sesiones, las y los participantes aprender\u00e1n c\u00f3mo interpretar y utilizar los datos de la Cuenta Sat\u00e9lite para evaluar el impacto econ\u00f3mico de la cultura, identificar \u00e1reas de crecimiento y dise\u00f1ar pol\u00edticas culturales efectivas en M\u00e9xico y Veracruz.<\/p>\n<p>Ser\u00e1 impartido por funcionarios especialistas del INEGI, expertos en econom\u00eda cultural y pol\u00edticas culturales en M\u00e9xico. Ellos compartir\u00e1n una visi\u00f3n general de la Cuenta Sat\u00e9lite de Cultura y su importancia en el an\u00e1lisis econ\u00f3mico y cultural, invitando a explorar sus diferentes componentes y c\u00f3mo se relacionan entre s\u00ed, as\u00ed como orientando la correcta  interpretaci\u00f3n de los indicadores clave.<\/p>\n<p>La SECVER y el INEGI reiteran la invitaci\u00f3n al taller virtual \u00bfC\u00f3mo entender la cuenta sat\u00e9lite de cultura de M\u00e9xico? el 13 y 14 de mayo, en horario de 15:00 a 16:00 horas, a trav\u00e9s de la plataforma Microsoft Teams. La inscripci\u00f3n al taller es gratuita y se puede realizar mediante el enlace https:\/\/bit.ly\/TalleresMECCVER24. Para conocer la programaci\u00f3n completa de la quinta edici\u00f3n del Mercado de Empresas Culturales y Creativas Veracruzanas visita la p\u00e1gina de Facebook @EmpresasCulturalesSECVER y consulta toda la oferta cultural que la SECVER propone para ti en www.culturaveracruz.gob.mx.<\/p>\n","protected":false},"excerpt":{"rendered":"<p>Visitas: 8La Secretar\u00eda de Cultura de Veracruz, a trav\u00e9s del Programa de Empresas Culturales y Creativas Veracruzanas, invita a participar en el taller virtual \u00bfC\u00f3mo entender la Cuenta Sat\u00e9lite de Cultura de M\u00e9xico?, coordinado e impartido por el Instituto Nacional de Estad\u00edstica y Geograf\u00eda. La actividad se desarrollar\u00e1 de manera gratuita el lunes 13 y [&hellip;]<\/p>\n","protected":false},"author":2,"featured_media":209471,"comment_status":"open","ping_status":"open","sticky":false,"template":"","format":"standard","meta":{"footnotes":""},"categories":[237,236],"tags":[],"class_list":{"0":"post-209467","1":"post","2":"type-post","3":"status-publish","4":"format-standard","5":"has-post-thumbnail","7":"category-xalapa","8":"category-zona-centro"},"nelio_content":{"isAutoShareEnabled":true,"autoShareEndMode":"never","automationSources":{"useCustomSentences":false,"customSentences":[]},"followers":[],"suggestedReferences":[],"efiUrl":"","efiAlt":"","highlights":[],"permalinkQueryArgs":[],"series":[]},"_links":{"self":[{"href":"https:\/\/www.enteratever.com\/2023\/wp-json\/wp\/v2\/posts\/209467","targetHints":{"allow":["GET"]}}],"collection":[{"href":"https:\/\/www.enteratever.com\/2023\/wp-json\/wp\/v2\/posts"}],"about":[{"href":"https:\/\/www.enteratever.com\/2023\/wp-json\/wp\/v2\/types\/post"}],"author":[{"embeddable":true,"href":"https:\/\/www.enteratever.com\/2023\/wp-json\/wp\/v2\/users\/2"}],"replies":[{"embeddable":true,"href":"https:\/\/www.enteratever.com\/2023\/wp-json\/wp\/v2\/comments?post=209467"}],"version-history":[{"count":1,"href":"https:\/\/www.enteratever.com\/2023\/wp-json\/wp\/v2\/posts\/209467\/revisions"}],"predecessor-version":[{"id":209473,"href":"https:\/\/www.enteratever.com\/2023\/wp-json\/wp\/v2\/posts\/209467\/revisions\/209473"}],"wp:featuredmedia":[{"embeddable":true,"href":"https:\/\/www.enteratever.com\/2023\/wp-json\/wp\/v2\/media\/209471"}],"wp:attachment":[{"href":"https:\/\/www.enteratever.com\/2023\/wp-json\/wp\/v2\/media?parent=209467"}],"wp:term":[{"taxonomy":"category","embeddable":true,"href":"https:\/\/www.enteratever.com\/2023\/wp-json\/wp\/v2\/categories?post=209467"},{"taxonomy":"post_tag","embeddable":true,"href":"https:\/\/www.enteratever.com\/2023\/wp-json\/wp\/v2\/tags?post=209467"}],"curies":[{"name":"wp","href":"https:\/\/api.w.org\/{rel}","templated":true}]}}