{"id":209404,"date":"2024-05-08T17:50:09","date_gmt":"2024-05-08T23:50:09","guid":{"rendered":"https:\/\/www.enteratever.com\/2023\/?p=209404"},"modified":"2024-05-08T17:50:09","modified_gmt":"2024-05-08T23:50:09","slug":"se-abre-convocatoria-para-elegir-reina-de-la-feria-de-papantla","status":"publish","type":"post","link":"https:\/\/www.enteratever.com\/2023\/2024\/05\/08\/se-abre-convocatoria-para-elegir-reina-de-la-feria-de-papantla\/","title":{"rendered":"Se abre convocatoria para elegir reina de la feria de Papantla"},"content":{"rendered":"<p>Visitas: 1<\/p><p>Con el objetivo de que jovencitas de Papantla y sus comunidades puedan participar como contendientes por la corona a reina de la feria de Corpus Chrysti en Papantla se abre la convocatoria <\/p>\n<p>C\u00f3mo tal el gobierno de Papantla ha dado a conocer que dicho llamado para las interesadas en participar deber\u00e1 ser como l\u00edmite hasta el 12 de mayo <\/p>\n<p>Quienes busquen representar al pueblo en esta su mayor fiesta deber\u00e1n acudir por informes para su participaci\u00f3n a la direcci\u00f3n de Juventud, d\u00f3nde pondr\u00e1n tener todos los datos acerca de dicho certamen <\/p>\n<p>Aunque hay quienes ya se ha registrado y han comenzado con la difusi\u00f3n de informaci\u00f3n como interesadas en formar parte de la corte real se espera que en pr\u00f3ximos d\u00edas se efect\u00fae la presentaci\u00f3n oficial de las candidatas<\/p>\n","protected":false},"excerpt":{"rendered":"<p>Visitas: 1Con el objetivo de que jovencitas de Papantla y sus comunidades puedan participar como contendientes por la corona a reina de la feria de Corpus Chrysti en Papantla se abre la convocatoria C\u00f3mo tal el gobierno de Papantla ha dado a conocer que dicho llamado para las interesadas en participar deber\u00e1 ser como l\u00edmite [&hellip;]<\/p>\n","protected":false},"author":3,"featured_media":209406,"comment_status":"open","ping_status":"open","sticky":false,"template":"","format":"standard","meta":{"footnotes":""},"categories":[215,219],"tags":[41],"class_list":{"0":"post-209404","1":"post","2":"type-post","3":"status-publish","4":"format-standard","5":"has-post-thumbnail","7":"category-papantla","8":"category-zona-norte","9":"tag-portada"},"nelio_content":{"isAutoShareEnabled":true,"autoShareEndMode":"never","automationSources":{"useCustomSentences":false,"customSentences":[]},"followers":[],"suggestedReferences":[],"efiUrl":"","efiAlt":"","highlights":[],"permalinkQueryArgs":[],"series":[]},"_links":{"self":[{"href":"https:\/\/www.enteratever.com\/2023\/wp-json\/wp\/v2\/posts\/209404","targetHints":{"allow":["GET"]}}],"collection":[{"href":"https:\/\/www.enteratever.com\/2023\/wp-json\/wp\/v2\/posts"}],"about":[{"href":"https:\/\/www.enteratever.com\/2023\/wp-json\/wp\/v2\/types\/post"}],"author":[{"embeddable":true,"href":"https:\/\/www.enteratever.com\/2023\/wp-json\/wp\/v2\/users\/3"}],"replies":[{"embeddable":true,"href":"https:\/\/www.enteratever.com\/2023\/wp-json\/wp\/v2\/comments?post=209404"}],"version-history":[{"count":1,"href":"https:\/\/www.enteratever.com\/2023\/wp-json\/wp\/v2\/posts\/209404\/revisions"}],"predecessor-version":[{"id":209407,"href":"https:\/\/www.enteratever.com\/2023\/wp-json\/wp\/v2\/posts\/209404\/revisions\/209407"}],"wp:featuredmedia":[{"embeddable":true,"href":"https:\/\/www.enteratever.com\/2023\/wp-json\/wp\/v2\/media\/209406"}],"wp:attachment":[{"href":"https:\/\/www.enteratever.com\/2023\/wp-json\/wp\/v2\/media?parent=209404"}],"wp:term":[{"taxonomy":"category","embeddable":true,"href":"https:\/\/www.enteratever.com\/2023\/wp-json\/wp\/v2\/categories?post=209404"},{"taxonomy":"post_tag","embeddable":true,"href":"https:\/\/www.enteratever.com\/2023\/wp-json\/wp\/v2\/tags?post=209404"}],"curies":[{"name":"wp","href":"https:\/\/api.w.org\/{rel}","templated":true}]}}