{"id":209316,"date":"2024-05-07T12:33:58","date_gmt":"2024-05-07T18:33:58","guid":{"rendered":"https:\/\/www.enteratever.com\/2023\/?p=209316"},"modified":"2024-05-08T10:47:33","modified_gmt":"2024-05-08T16:47:33","slug":"invita-secver-a-participar-en-el-taller-virtual-esteticas-del-arte-contemporaneo-en-el-cevart","status":"publish","type":"post","link":"https:\/\/www.enteratever.com\/2023\/2024\/05\/07\/invita-secver-a-participar-en-el-taller-virtual-esteticas-del-arte-contemporaneo-en-el-cevart\/","title":{"rendered":"Invita SECVER a participar en el taller virtual \u201cEst\u00e9ticas del arte contempor\u00e1neo\u201d en el CEVART"},"content":{"rendered":"<p>Visitas: 3<\/p><p>La Secretar\u00eda de Cultura de Veracruz, a trav\u00e9s del Centro Veracruzano de las Artes \u201cHugo Arg\u00fcelles\u201d, invita al taller Est\u00e9ticas del arte contempor\u00e1neo, impartido por el especialista en estudios de la cultura Eliud Nava. La actividad es gratuita y se llevar\u00e1 a cabo en modalidad virtual, a trav\u00e9s de la plataforma Zoom, los lunes, mi\u00e9rcoles y viernes del 10 al 31 de mayo, en horario de 18:00 a 20:00 horas.<\/p>\n<p>El taller est\u00e1 dirigido a creadores y estudiantes de las artes visuales, curadores, historiadores del arte, acad\u00e9micos y p\u00fablico interesado en el tema. Las y los participantes podr\u00e1n conocer e identificar las diversas manifestaciones del arte a partir de los a\u00f1os sesenta y hasta las primeras d\u00e9cadas del siglo XXI. Se estudiar\u00e1n y analizar\u00e1n ejemplos de obras art\u00edsticas ic\u00f3nicas y artistas representativos del arte contempor\u00e1neo para comprender su relevancia en el quehacer art\u00edstico y cultural global.<\/p>\n<p>Artista, curador, gestor y acad\u00e9mico, Eliud Nava es doctor en Filosof\u00eda, con orientaci\u00f3n en Estudios de la Cultura, por la Universidad Aut\u00f3noma de Nuevo Le\u00f3n, as\u00ed como maestro en Est\u00e9tica y Arte por la Benem\u00e9rita Universidad Aut\u00f3noma de Puebla. Ha recibido diversos reconocimientos y apoyos de importantes instituciones nacionales y extranjeras. Su trabajo art\u00edstico y proyectos curatoriales se han presentado en diferentes galer\u00edas, espacios de arte, centros culturales y museos dentro y fuera del pa\u00eds. Ha impartido numerosos seminarios, cursos, laboratorios, talleres y conferencias, as\u00ed como publicado diversos art\u00edculos acad\u00e9micos y ensayos. Es fundador y director de la plataforma autogestiva Transliterado, y colabora en los colectivos art\u00edsticos RzKxPx y Pr\u00f3ximo Colectivo.<\/p>\n<p>La SECVER reitera la invitaci\u00f3n al taller virtual Est\u00e9ticas del arte contempor\u00e1neo. La actividad es gratuita. Las personas interesadas podr\u00e1n registrarse a trav\u00e9s del siguiente formulario: https:\/\/bit.ly\/CEVARTmayo2024. Para solicitar m\u00e1s informaci\u00f3n, comunicarse al tel\u00e9fono 229.932.1332. Conoce toda la oferta formativa, art\u00edstica y cultural del Centro Veracruzano de las Artes \u201cHugo Arg\u00fcelles\u201d a trav\u00e9s de las redes sociales @CEVARTsecver y consulta la programaci\u00f3n completa de la Secretar\u00eda de Cultura de Veracruz en https:\/\/culturaveracruz.gob.mx.<\/p>\n","protected":false},"excerpt":{"rendered":"<p>Visitas: 3La Secretar\u00eda de Cultura de Veracruz, a trav\u00e9s del Centro Veracruzano de las Artes \u201cHugo Arg\u00fcelles\u201d, invita al taller Est\u00e9ticas del arte contempor\u00e1neo, impartido por el especialista en estudios de la cultura Eliud Nava. La actividad es gratuita y se llevar\u00e1 a cabo en modalidad virtual, a trav\u00e9s de la plataforma Zoom, los lunes, [&hellip;]<\/p>\n","protected":false},"author":2,"featured_media":209319,"comment_status":"open","ping_status":"open","sticky":false,"template":"","format":"standard","meta":{"footnotes":""},"categories":[237,236],"tags":[],"class_list":{"0":"post-209316","1":"post","2":"type-post","3":"status-publish","4":"format-standard","5":"has-post-thumbnail","7":"category-xalapa","8":"category-zona-centro"},"nelio_content":{"isAutoShareEnabled":true,"autoShareEndMode":"never","automationSources":{"useCustomSentences":false,"customSentences":[]},"followers":[],"suggestedReferences":[],"efiUrl":"","efiAlt":"","highlights":[],"permalinkQueryArgs":[],"series":[]},"_links":{"self":[{"href":"https:\/\/www.enteratever.com\/2023\/wp-json\/wp\/v2\/posts\/209316","targetHints":{"allow":["GET"]}}],"collection":[{"href":"https:\/\/www.enteratever.com\/2023\/wp-json\/wp\/v2\/posts"}],"about":[{"href":"https:\/\/www.enteratever.com\/2023\/wp-json\/wp\/v2\/types\/post"}],"author":[{"embeddable":true,"href":"https:\/\/www.enteratever.com\/2023\/wp-json\/wp\/v2\/users\/2"}],"replies":[{"embeddable":true,"href":"https:\/\/www.enteratever.com\/2023\/wp-json\/wp\/v2\/comments?post=209316"}],"version-history":[{"count":1,"href":"https:\/\/www.enteratever.com\/2023\/wp-json\/wp\/v2\/posts\/209316\/revisions"}],"predecessor-version":[{"id":209320,"href":"https:\/\/www.enteratever.com\/2023\/wp-json\/wp\/v2\/posts\/209316\/revisions\/209320"}],"wp:featuredmedia":[{"embeddable":true,"href":"https:\/\/www.enteratever.com\/2023\/wp-json\/wp\/v2\/media\/209319"}],"wp:attachment":[{"href":"https:\/\/www.enteratever.com\/2023\/wp-json\/wp\/v2\/media?parent=209316"}],"wp:term":[{"taxonomy":"category","embeddable":true,"href":"https:\/\/www.enteratever.com\/2023\/wp-json\/wp\/v2\/categories?post=209316"},{"taxonomy":"post_tag","embeddable":true,"href":"https:\/\/www.enteratever.com\/2023\/wp-json\/wp\/v2\/tags?post=209316"}],"curies":[{"name":"wp","href":"https:\/\/api.w.org\/{rel}","templated":true}]}}