{"id":209188,"date":"2024-05-03T11:23:39","date_gmt":"2024-05-03T17:23:39","guid":{"rendered":"https:\/\/www.enteratever.com\/2023\/?p=209188"},"modified":"2024-05-03T11:23:39","modified_gmt":"2024-05-03T17:23:39","slug":"presenta-secver-las-actividades-programadas-durante-el-mes-de-mayo-en-su-red-de-recintos-culturales","status":"publish","type":"post","link":"https:\/\/www.enteratever.com\/2023\/2024\/05\/03\/presenta-secver-las-actividades-programadas-durante-el-mes-de-mayo-en-su-red-de-recintos-culturales\/","title":{"rendered":"Presenta SECVER las actividades programadas durante el mes de mayo en su red de recintos culturales"},"content":{"rendered":"<p>Visitas: 3<\/p><p>La Secretar\u00eda de Cultura de Veracruz presenta una oferta cultural diversa durante el mes de mayo, integrada por exposiciones, conversatorios, talleres, m\u00fasica, teatro, literatura, cine y actividades de fomento a la lectura para todos los p\u00fablicos que tendr\u00e1n lugar en su red de recintos culturales de Xalapa, Veracruz, Boca del R\u00edo, Coatepec, Orizaba, Papantla, Huatusco y Tlacotalpan.<\/p>\n<p>En la Pinacoteca Diego Rivera se encuentra la exposici\u00f3n David Alfaro Siqueiros: La construcci\u00f3n de lo p\u00fablico, muestra que ofrece un viaje a trav\u00e9s de la evoluci\u00f3n art\u00edstica del maestro muralista y destaca la importancia de la obra de Siqueiros en el contexto del movimiento muralista mexicano. Visita esta colecci\u00f3n de martes a domingo, de 10:00 a 19:00 horas, y asiste al recorrido guiado en LSM que tendr\u00e1 lugar el s\u00e1bado 18 de mayo, con motivo del D\u00eda Internacional de los Museos. Conoce los detalles en las redes sociales @PinacotecaDR.<\/p>\n<p>Ad\u00e9ntrate en un viaje a lo m\u00e1s profundo del ser a trav\u00e9s de la exposici\u00f3n gr\u00e1fica La m\u00e1scara habitada: un recorrido por los abismos del ser, obra de Sebastian Fund que se presenta en la Galer\u00eda de Arte Contempor\u00e1neo de Xalapa. En conmemoraci\u00f3n del D\u00eda Internacional de los Museos se realizar\u00e1 un recorrido guiado por esta colecci\u00f3n y la gestora Miranda Bernal impartir\u00e1 el taller l\u00fadico para infancias \u201cGACXci\u00f3n\u201d. Del 2 al 4 de mayo vuelve la gira internacional de documentales Ambulante, con una programaci\u00f3n que promete sorprender al p\u00fablico. Con motivo del 33 aniversario de la Galer\u00eda se llevar\u00e1n a cabo los conversatorios \u201cMedios de comunicaci\u00f3n para artistas\u201d y \u201cEl inmueble antes de ser la GACX\u201d. Para m\u00e1s detalles de estas y todas las actividades del recinto consulta el blog digital https:\/\/gacxalapa.blogspot.com y la p\u00e1gina de Facebook @GACXalapa.<\/p>\n<p>Para conmemorar el D\u00eda Internacional de los Museos, en el Jard\u00edn de las Esculturas se han programado una serie de actividades para la formaci\u00f3n y profesionalizaci\u00f3n de artistas y gestores culturales, as\u00ed como para la diversi\u00f3n y desarrollo de ni\u00f1as y ni\u00f1os; se ofrecer\u00e1 el taller \u201cCuradur\u00edas del afecto, de la memoria y la digna rabia. Investigaci\u00f3n art\u00edstica y espacios institucionales\u201d, impartido por la acad\u00e9mica y curadora Alma Cadoso; el taller \u201cDesde d\u00f3nde y por qu\u00e9 activar un proyecto cultural. Taller de an\u00e1lisis de proyectos\u201d, compartido por la galer\u00eda de arte Banda Municipal de la CDMX, y el taller \u201cHagamos nuestro museo\u201d, en el que ni\u00f1as y ni\u00f1os explorar\u00e1n temas relativos a la cultura, los derechos humanos y la ecolog\u00eda de la mano de la Biblioteca Comunitaria Malintzin. Las exposiciones Yo soy el r\u00edo, escultura de Renata Cassiano, y Recurrencias y alternancias, muestra colectiva de acad\u00e9micos del Instituto de Artes Pl\u00e1sticas de la Universidad Veracruzana, contin\u00faan disponibles para su visita en los espacios del recinto m\u00e1s verde de la SECVER. Consulta todos los talleres, recorridos, visitas guiadas y actividades del JEX a trav\u00e9s de sus redes sociales @JardinDeLasEsculturas y en la p\u00e1gina web https:\/\/jex.veracruzcultura.com. <\/p>\n<p>En el Teatro del Estado se llevar\u00e1 a cabo la inauguraci\u00f3n de Ambulante. Gira de Documentales 2024, con la proyecci\u00f3n de la pel\u00edcula colombiana Igualada. En el \u00e1mbito teatral, se contar\u00e1 con la participaci\u00f3n de dos compa\u00f1\u00edas seleccionadas en la convocatoria Encuentro Esc\u00e9nico Veracruz 2024 y se podr\u00e1 disfrutar del XI Festival Nacional de Teatro Hecho con Ni\u00f1os y Ni\u00f1as \u00a1Chicos y Chicas a Escena!. Como parte del programa Nuestros Artistas PECDA 5.0 tendr\u00e1n lugar las presentaciones danc\u00edsticas F\u00e9mina, Mulier, de Linda Gabrielle Aguilar; Desarrollo de un solo a partir de la investigaci\u00f3n de la b\u00fasqueda de identidad, de Thayra Sentmanat D\u00edaz, y Viejando por el cuerpo, de Lidia Selene V\u00e1zquez Beltr\u00e1n. En la m\u00fasica, se podr\u00e1 apreciar el programa de la segunda edici\u00f3n del Festival Internacional de Clarinete YUUBAN (Tierra Viva), as\u00ed como el quinto concierto de temporada de la Orquesta Sinf\u00f3nica Juvenil del Estado de Veracruz. Para consultar todos los detalles, sigue las redes sociales @TeatroDelEstado.<\/p>\n<p>En el foro abierto del \u00c1gora de la Ciudad, los #Mi\u00e9rcolesDeCine se realizar\u00e1n dos proyecciones cinematogr\u00e1ficas: Tesoros Humanos Vivos, documental dirigido por Rafael Silverio, que muestra a personas mayores portadoras de saberes ancestrales de Veracruz y Luna Negra, reconocida producci\u00f3n cinematogr\u00e1fica del director Tonatiuh Garc\u00eda. Se presentar\u00e1n tambi\u00e9n al aire libre las obras La m\u00e1quina de hacer teatro: Intervenci\u00f3n esc\u00e9nica en espacios alternativos, texto, direcci\u00f3n y dramaturgia de Vladimir Arzate; as\u00ed como el proyecto Subibaja, obra de teatro para primeras infancias a cargo de Chicozapote, un proyecto de Nuestros Artistas PECDA 5.0. Para m\u00e1s informaci\u00f3n, consulta las redes sociales del @AgoradelaCiudad.<\/p>\n<p>El Centro Cultural de Coatepec invita a ni\u00f1as, ni\u00f1os, j\u00f3venes, personas adultas y adultas mayores a acercarse a los talleres de canto coral, gr\u00e1fica, arteterapia y derechos humanos para hombres. Tendr\u00e1 lugar la edici\u00f3n de primavera de Chivizcoyo Bazar y todos los s\u00e1bados de mayo se llevar\u00e1 a cabo una expoventa de gr\u00e1fica con el colectivo Los Arrimados. La Orquesta de Guitarras de Xalapa ofrecer\u00e1 un concierto ac\u00fastico para el disfrute del p\u00fablico y el artista esc\u00e9nico Iv\u00e1n L\u00f3pez Renteral leer\u00e1 su obra Antolog\u00eda siniestra para ni\u00f1os fantasmas, actividad de Nuestros Artistas PECDA 5.0. Visita la Librer\u00eda Papalote de martes a s\u00e1bado, de 11:00 a 18:00 horas, y disfruta de los c\u00edrculos de lectura del centro cultural. Si requiere m\u00e1s informaci\u00f3n seguir la cuenta de Fb @CentroCulturaldeCoatepec.  <\/p>\n<p>El Centro Cultural Exconvento Betlehemita ha preparado un programa de  actividades paralelas a la muestra Hija de su madre. Una  exposici\u00f3n de M\u00f3nica Mayer, exhibida en la sala Ida Rodr\u00edguez Prampolini, que incluye una sesi\u00f3n con el c\u00edrculo de lectura Tribu, el taller de creaci\u00f3n de libro objeto \u201cHistorias de familia\u201d  y el recital Canciones de cuna a cargo del guitarrista Ismael Serrano y la cantante Rosina C\u00e1zares. Ser\u00e1 inaugurada la muestra de pintura infantil Mi mirada de libertad, realizada en coordinaci\u00f3n con el Colectivo Art\u00edstico Escolar GAD, as\u00ed como la exposici\u00f3n colectiva Or\u00edgenes: relatos hilados, que surge de la recuperaci\u00f3n de la memoria de las mujeres que nos antecedieron. El 18 de mayo, D\u00eda Internacional de los Museos, se invita a participar en el taller de gesti\u00f3n creativa que impartir\u00e1 la especialista Dolores N\u00e1jera, adem\u00e1s de a disfrutar de una \u201cRuta cultural\u201d por los recintos SECVER en el centro de la ciudad de Veracruz, que iniciar\u00e1 en este espacio. Los #ViernesDeCine contin\u00faan las funciones del programa nacional \u201cVoces y temas del cine mexicano\u201d y se llevar\u00e1 a cabo el ciclo \u201cUn encuentro con nuestra realidad. Los otros M\u00e9xicos\u201d, realizado con apoyo de Eficine. Si quieres aprender a bailar los ritmos tradicionales veracruzanos, asiste a los talleres de danz\u00f3n y salsa. Solicita mayores informes sobre estas actividades a trav\u00e9s de las cuentas de Facebook, X e Instagram @ExCBetlehemita.<\/p>\n<p>En el Centro Cultural Casa Principal puede visitarse la exposici\u00f3n de la 11\u00aa Bienal de Cer\u00e1mica Utilitaria Contempor\u00e1nea 2023, que incluye 78 obras de destacadas y destacados ceramistas nacionales. Perla Camacho, ganadora de esta und\u00e9cima edici\u00f3n, y la seleccionada Paulina Cervantes ofrecer\u00e1n un conversatorio sobre sus experiencias. Se ofrecer\u00e1 el taller para infancias y juventudes \u201cCer\u00e1mica para todos\u201d, impartido por la destacads ceramista Maite Rodr\u00edguez, y continuar\u00e1n las sesiones del \u201cClub de dibujo y pintura\u201d, bajo la gu\u00eda de Abdal \u00c1ngeles. En conmemoraci\u00f3n del D\u00eda Internacional de los Museos se llevar\u00e1n a cabo dos actividades: la actividad l\u00fadica \u201cMuseos para la educaci\u00f3n e investigaci\u00f3n\u201d y el final de la \u201cRuta cultural\u201d, un recorrido por los recintos SECVER de Veracruz. La sala de lectura permanente prosigue con las jornadas de \u201cMovilidad lectora\u201d, actividad que promueve la ense\u00f1anza del espa\u00f1ol a las y los estudiantes del programa de movilidad de la Universidad Veracruzana. Encuentra m\u00e1s informaci\u00f3n en las p\u00e1ginas de Facebook, X e Instagram @CasaPSECVER.<\/p>\n<p>El Centro Cultural Atarazanas despide la exposici\u00f3n Desiderio H. Xochitiotzin. Sembrador de nubes con un conversatorio especial entre titulares de las secretar\u00edas de cultura de Veracruz y Tlaxcala, quienes dialogar\u00e1n sobre el invaluable aporte de Desiderio Hern\u00e1ndez a la cultura tlaxcalteca. El jueves 31 de mayo se llevar\u00e1 a cabo la inauguraci\u00f3n de la muestra Manuel Zarda\u00edn. Nostalgia del M\u00e9xico que ya se fue, acompa\u00f1ada del conversatorio \u201cLos colores de Zarda\u00edn\u201d, una oportunidad \u00fanica de conocer la obra del artista originario de Orizaba. El mercado artesanal Art\u00edfices contar\u00e1 con la participaci\u00f3n de artesanas y artesanos provenientes del estado de Puebla y, con motivo del D\u00eda Internacional de los Museos, el recinto se suma a la \u201cRuta cultural\u201d que se ha organizado por cuatro recintos SECVER ubicados en el Centro Hist\u00f3rico del puerto. Adem\u00e1s, se ofrece una amplia variedad de talleres para aquellos interesados en aprender y explorar diferentes expresiones art\u00edsticas como el tejido en ojo de perdiz, la m\u00fasica jarocha, el ajedrez, el canto coral, los ritmos cubanos y el bordado. Sigue todas las actividades en las redes sociales @CentroCulturalAtarazanas y @atarazanas_centrocultural.<\/p>\n<p>En la Fototeca de Veracruz contin\u00faa la exposici\u00f3n Flor Gardu\u00f1o, la construcci\u00f3n del instante, colecci\u00f3n promovida por Fomento Cultural Citibanamex que re\u00fane la obra m\u00e1s destacada de la fot\u00f3grafa mexicana. Como parte de las actividades en torno al D\u00eda Internacional de los Museo, se realizar\u00e1 el taller \u201cNarrar con humo, taller de fotofanzine y peque\u00f1as publicaciones\u201d, impartido por la artista visual  Enero y Abril, y el conversatorio \u201cTina Modotti y la fotograf\u00eda agraria: luz y sustento\u201d, a cargo de la Dra. Elissa Rashkin. Adem\u00e1s, tambi\u00e9n ser\u00e1 uno de los recintos SECVER que forma parte de la \u201cRuta cultural\u201d. Visita el sitio web http:\/\/fototecaveracruz.com y sigue la p\u00e1gina de Facebook @FototecaDeVeracruz para conocer la cartelera completa.<\/p>\n<p>El Centro Veracruzano de las Artes \u201cHugo Arg\u00fcelles\u201d celebra su XX aniversario con diversas actividades acad\u00e9micas y art\u00edsticas. En modalidad presencial se ofertar\u00e1n los talleres \u201cIntroducci\u00f3n al dibujo de figura humana\u201d, \u201cDanza contempor\u00e1nea\u201d y \u201cElementos estructurales del teatro de cabaret\u201d; mientras que de manera virtual se llevar\u00e1 a cabo el taller \u201cEst\u00e9ticas del arte contempor\u00e1neo\u201d y el taller \u201cPeriodismo cultural\u201d, adem\u00e1s de las sesiones del coloquio \u201cNarrar a Veracruz\u201d. En el jard\u00edn del CEVART, de la mano del pianista Edgar Dorantes, se realizar\u00e1 un concierto en conmemoraci\u00f3n del D\u00eda Internacional del Jazz. Asimismo, los espacios del recinto ser\u00e1n sede del festival F\u00f3rum 2024 Danzones del Puerto, encuentro en torno a este g\u00e9nero de origen cubano que contar\u00e1 con conversatorios, talleres, conferencias y presentaciones editoriales. Para concluir, tendr\u00e1n lugar los conversatorios de \u201cHablemos de gesti\u00f3n cultural\u201d y \u201cTercera llamada\u201d. Consulta m\u00e1s informaci\u00f3n sobre los horarios y registro a las actividades en las redes sociales @CEVARTsecver.<\/p>\n<p>El Teatro de la Reforma, en colaboraci\u00f3n con la Coordinaci\u00f3n Regional de Difusi\u00f3n Cultural y Extensi\u00f3n Universitaria de la Universidad Veracruzana, presenta una Muestra de Artes Esc\u00e9nicas realizada por estudiantes de diversos programas educativos de la UV; habr\u00e1 piezas interpretadas con jarana, arpa, guitarra y marimba, as\u00ed como n\u00fameros de danza folkl\u00f3rica con diversas estampas y cuadros de la rep\u00fablica. La entrada es gratuita, sin boletos de control. Conoce todas las actividades y horarios de este espacio cultural en la p\u00e1gina @TeatrodelaReformaSECVER.<\/p>\n<p>En la Casa Museo Agust\u00edn Lara, localizada en Boca del R\u00edo, Veracruz, los \u201cMi\u00e9rcoles Bohemios\u201d contar\u00e1 con un mon\u00f3logo po\u00e9tico a cargo de Armando Zamora, adem\u00e1s de los recitales Boler\u00edsimo 2024 y Trova al sur, propuestas de Efr\u00e9n Cantautor y Carlos Sarquis, respectivamente. Los \u201cS\u00e1bados de Lara\u201d presentar\u00e1n dos recitales de son, compartidos por el grupo Son de Jueras y Nico Castro y Los Chinchacuilos; as\u00ed como los conversatorios did\u00e1cticos \u201cSuite Jarocha\u201d y \u201cVersos y sones al piano\u201d, en compa\u00f1\u00eda de las m\u00fasicas Melissa Uscanga y Marisol Galloso. Para conmemorar el D\u00eda Mundial de los Museos se realizar\u00e1 un recorrido infantil con la mediadora Dolores N\u00e1jera, quien tambi\u00e9n participar\u00e1 en el conversatorio dirigido al p\u00fablico juvenil \u201cEl museo\u2026 \u00bfQu\u00e9?\u201d, di\u00e1logo que analizar\u00e1 la importancia de los museos como espacios formativos. Las actividades del taller de canto coral de la Casita Blanca contin\u00faan. Visita la exposici\u00f3n permanente del museo de martes a domingo, en horario de 10:00 a 19:00 horas, y disfruta de la Audioteca Agust\u00edn Lara de martes a viernes, de 10:00 a 15:00 y de 16:00 a 18:00 horas. Consulta la programaci\u00f3n completa en la p\u00e1gina de Facebook @MuseoAgustinLara.<\/p>\n<p>El Museo de Arte del Estado de Veracruz se une a la celebraci\u00f3n del D\u00eda Internacional de los Museos y subraya la importancia de los museos como instituciones formativas din\u00e1micas con el conversatorio \u201cMadres sordas y el reto de la educaci\u00f3n de sus hijos sordos\u201d, actividad coordinada con la asociaci\u00f3n Te Acompa\u00f1o A.C., as\u00ed como con una visita guiada en LSM a la exposici\u00f3n Gustavo P\u00e9rez. Obra reciente y colaboraciones. Tambi\u00e9n tendr\u00e1 lugar el conversatorio \u201cLos Museos por la educaci\u00f3n y la investigaci\u00f3n\u201d, a cargo del doctor Alfredo Delgado Calder\u00f3n, miembro del Observatorio Universitario de los Museos (OUM) y director del Museo de Antropolog\u00eda de Xalapa (MAX). De igual manera, el MAEV abre sus puertas al Festival de la Abeja 2024, proyecto autogestivo sin fines de lucro creado por la comunidad de apicultores y gestores sociales de la Sierra de Zongolica que busca ser un espacio de reflexi\u00f3n para consolidar acciones en favor del cuidado de las abejas y de la naturaleza. Conoce la obra del insigne pintor mexicano Diego Rivera y las colecciones permanentes del museo de martes a domingo, de 10:00 a 19:00 horas. Para consultar la programaci\u00f3n completa visita la p\u00e1gina de Facebook @MAEVorizaba.<\/p>\n<p>La Casa Museo Guillermo Landa, en la ciudad de Huatusco, ha preparado  un programa especial de charlas, un conversatorio y un taller dirigido a j\u00f3venes como parte de las actividades en conmemoraci\u00f3n del D\u00eda Internacional de los Museos. As\u00ed, se llevar\u00e1n a cabo: la charla \u201cEducaci\u00f3n especial y Museos, un binomio en favor de las generaciones\u201d, la ponencia \u201cLas galer\u00edas universitarias, alcances y retos en pro de la investigaci\u00f3n\u201d, dirigida por el actual coordinador de la Galer\u00eda AP de la Facultad de Artes Pl\u00e1sticas de la UV, Roberto Gonz\u00e1lez; el conversatorio \u201cConvergencias, la Casa Museo y mi experiencia como docente\u201d, di\u00e1logo sobre las experiencias de algunos docentes de la ciudad de Huatusco durante sus visitas al interior de la Casa Museo; y el taller \u201cJ\u00f3venes investigadores, laboratorio de redes sociales\u201d, experiencia formativa donde las y los j\u00f3venes participantes podr\u00e1n aprender a generar contenidos para las distintas redes sociales. El proyecto final de este taller resultar\u00e1 en una serie de materiales que se difundir\u00e1n en las redes sociales del recinto. Visita el acervo permanente y conoce las piezas de la semana de martes a domingo, de 10:00 a 19:00 horas. Para conocer la programaci\u00f3n completa visita las redes sociales @CasaMuseoLanda.<\/p>\n<p>En la localidad de Papantla, el Museo Teodoro Cano invita a celebrar el D\u00eda Internacional de los Museos con el rally \u201cExplora, Aprende, Descubre\u201d, actividad teatralizada que guiar\u00e1 a las y los participantes a trav\u00e9s de los lugares emblem\u00e1ticos de la ciudad que albergan la obra del maestro Cano. Los #ViernesDeCine del recinto se presentar\u00e1 el filme Tesoros Humanos Vivos, del director Rafael Silverio, un filme en torno a la revalorizaci\u00f3n de la preservaci\u00f3n de los saberes de la tradici\u00f3n oral. Adem\u00e1s, el coro comunitario de la Red Estatal de Coros y Orquestas con sede en el museo contin\u00faa la formaci\u00f3n art\u00edstica de infancias y juventudes los d\u00edas mi\u00e9rcoles y jueves. Para solicitar m\u00e1s informaci\u00f3n sobre las actividades visita la p\u00e1gina de Facebook @MuseoTeodoroCano. <\/p>\n<p>El Centro Cultural del Sotavento, recinto ubicado en la ciudad de Tlacotalpan, invita a disfrutar el realismo tropical de Rebambaramba, exposici\u00f3n pict\u00f3rica de Honorio Robledo. Los martes y jueves se realizan las sesiones del taller de canto coral para infancias y juventudes Voces del r\u00edo Papaloapan, a cargo de Juan Carlos Ponce, en tanto que el taller de grabado El Requinto les espera de lunes a viernes, de 14:00 a 18:00 horas. Ac\u00e9rcate a experimentar con la palabra y pon a prueba tu creatividad en el taller \u201cJugando con la rima\u201d, impartido por Ana Zarina Palafox, y disfruta del filme Noche de fuego, de Tatiana Huezo, el \u201cViernes de Cine\u201d de este mes. Conoce todas las actividades y horarios de este espacio cultural en la p\u00e1gina @CentroCulturalSotavento.<\/p>\n<p>El Programa de Inclusi\u00f3n a trav\u00e9s de las Artes de la SECVER invita a las personas con diversidad funcional a sumarse a los talleres \u201cEntretejiendo naturaleza\u201d y \u201cPintura inclusiva\u201d que se desarrollar\u00e1n en el Jard\u00edn de las Esculturas, donde tambi\u00e9n continuar\u00e1n los recorridos del programa \u201cUn Jard\u00edn incluyente\u201d. La Pinacoteca Diego Rivera ofrecer\u00e1 una visita guiada en Lengua de Se\u00f1as Mexicana por la exposici\u00f3n David Alfaro Siqueiros: la construcci\u00f3n de lo p\u00fablico y Teatro del Estado albergar\u00e1 la presentaci\u00f3n conjunta de tres beneficiarias del programa PECDA Veracruz, quienes compartir\u00e1n los espect\u00e1culos coreogr\u00e1ficos F\u00e9mina, Mulier, Desarrollo de un solo a partir de la investigaci\u00f3n de la b\u00fasqueda de identidad y Viejando por el cuerpo. En el foro abierto del \u00c1gora de la Ciudad se presenta la obra de teatro para primeras infancias Subibaja, as\u00ed como el documental Tesoros Humanos Vivos, que tambi\u00e9n se proyectar\u00e1 en la Galer\u00eda de Arte Contempor\u00e1neo de Xalapa. Asimismo, la Galer\u00eda ofrecer\u00e1 el taller de actividades l\u00fadicas para infancias \u201cGACXci\u00f3n\u201d. Para las personas adultas mayores, el Centro Cultural Coatepec realiza todos los martes su taller de \u201cArteterapia\u201d. <\/p>\n<p>En el puerto de Veracruz, el Centro Cultural Exconvento Betlehemita invita a conocer la muestra de pintura Mi mirada de libertad, as\u00ed como a la inauguraci\u00f3n de la exposici\u00f3n Or\u00edgenes, relatos hilados. El Centro Cultural Casa Principal llevar\u00e1 a cabo el taller \u201cCer\u00e1mica para todos\u201d, apropiado para el p\u00fablico infantil y juvenil de 8 a\u00f1os en adelante. En el Centro Cultural Atarazanas se realiza el taller de canto coral \u201cNahui Toskitl, voz en movimiento\u201d, dirigido a personas mayores de 16 a\u00f1os.<\/p>\n<p>Desde la ciudad de Orizaba, el Museo de Arte del Estado de Veracruz invita a dialogar sobre la inclusi\u00f3n y la educaci\u00f3n en los conversatorios \u201cMadres sordas y el reto de la educaci\u00f3n de sus hijos sordos\u201d y \u201cLos Museos por la educaci\u00f3n y la investigaci\u00f3n\u201d, as\u00ed como incentiva a visitar la exposici\u00f3n permanente Diego ConSentido, dirigida a personas con diversidad funcional. En Huatusco, la Casa Museo Guillermo Landa realizar\u00e1 la premiaci\u00f3n y muestra de En los zapatos del otro, la sesi\u00f3n de lectura en voz alta \u201cEvocando a Ernesto Cardena\u201d y la jornada de concientizaci\u00f3n sobre el cuidado de la mujer \u201cCuidando a todas\u201d, actividad en coordinaci\u00f3n con \u00c1mate Mujer A.C.<\/p>\n<p>Durante el mes de mayo, el Departamento de Promoci\u00f3n del Libro y de la Lectura de la Secretar\u00eda de Cultura de Veracruz realizar\u00e1 diferentes actividades. Del 10 al 19 de mayo, la #EditorialSECVER participar\u00e1 en la Feria Internacional del Libro Universitario de la Universidad Veracruzana, con novedades editoriales y una expoventa de libros en el stand D-36. De igual manera, del 17 al 26 de mayo se visitar\u00e1 la Feria Iberoamericana del Libro de Orizaba (FILO), presentando nuevos t\u00edtulos, libros de poes\u00eda, literatura infantil y estudios culturales.<\/p>\n<p>En conjunto con la Editorial de la Universidad Veracruzana y el Instituto de Investigaciones Ling\u00fc\u00edstico-Literarias se llevar\u00e1 a cabo la presentaci\u00f3n de Do\u00f1a Perfecta y Misericordia, de Benito P\u00e9rez Gald\u00f3s, en el auditorio de la GACX. En las zonas Norte, Sur y Centro Monta\u00f1as tendr\u00e1n lugar tres emisiones del programa \u201cColmena de Letras\u201d, dedicado a las y los voluntarios del Programa de Mediaci\u00f3n Lectora del estado. Los espacios de discusi\u00f3n ser\u00e1n el Museo Teodoro Cano, en Papantla, del 3 al 4 de mayo; la Casa de Cultura de Acayucan, del 17 al 18; y el Museo de Arte del Estado de Veracruz, en Orizaba, del 25 al 26 de mayo.<\/p>\n<p>Finalmente, los #JuevesDeLibros del mes de mayo se presentar\u00e1 El reloj de tompion, obra de Jorge Brash y Rafael Bull\u00e9-Goyri. Se espera al p\u00fablico en tres sedes: el Centro Cultural de Coatepec, el 23 de mayo a las 17:00 horas; en la GACX y el Centro Veracruzano de las Artes \u201cHugo Arg\u00fcelles\u201d, el 30 de mayo a las 18:00 horas.<\/p>\n<p>Vis\u00edtanos durante este mes y ac\u00e9rcate a nuestra variada programaci\u00f3n cultural; la entrada a todas las actividades es gratuita. Conoce la programaci\u00f3n completa de la red de recintos de la Secretar\u00eda de Cultura de Veracruz en la p\u00e1gina web www.culturaveracruz.gob.mx, as\u00ed como en las redes sociales Facebook, X e Instagram @SECVERoficial.<\/p>\n\r\n                <style type=\"text\/css\">\r\n                    \r\n                    #tdi_1  .td-doubleSlider-2 .td-item1 {\r\n                        background: url(https:\/\/www.enteratever.com\/2023\/wp-content\/uploads\/2024\/05\/imagen_2024-05-03_122011540-80x60.png) 0 0 no-repeat;\r\n                    }\r\n                    #tdi_1  .td-doubleSlider-2 .td-item2 {\r\n                        background: url(https:\/\/www.enteratever.com\/2023\/wp-content\/uploads\/2024\/05\/imagen_2024-05-03_122020910-80x60.png) 0 0 no-repeat;\r\n                    }\r\n                <\/style>\r\n\r\n                <div id=\"tdi_1\" class=\"td-gallery td-slide-on-2-columns\">\r\n                    <div class=\"post_td_gallery\">\r\n                        <div class=\"td-gallery-slide-top\">\r\n                           <div class=\"td-gallery-title\"><\/div>\r\n\r\n                            <div class=\"td-gallery-controls-wrapper\">\r\n                                <div class=\"td-gallery-slide-count\"><span class=\"td-gallery-slide-item-focus\">1<\/span> de 2<\/div>\r\n                                <div class=\"td-gallery-slide-prev-next-but\">\r\n                                    <i class = \"td-icon-left doubleSliderPrevButton\"><\/i>\r\n                                    <i class = \"td-icon-right doubleSliderNextButton\"><\/i>\r\n                                <\/div>\r\n                            <\/div>\r\n                        <\/div>\r\n\r\n                        <div class = \"td-doubleSlider-1 \">\r\n                            <div class = \"td-slider\">\r\n                                \r\n                    <div class = \"td-slide-item td-item1\">\r\n                        <figure class=\"td-slide-galery-figure td-slide-popup-gallery\">\r\n                            <a class=\"slide-gallery-image-link\" href=\"https:\/\/www.enteratever.com\/2023\/wp-content\/uploads\/2024\/05\/imagen_2024-05-03_122011540.png\" title=\"\"  data-caption=\"\"  data-description=\"\">\r\n                                <img decoding=\"async\" src=\"https:\/\/www.enteratever.com\/2023\/wp-content\/uploads\/2024\/05\/imagen_2024-05-03_122011540-280x420.png\" srcset=\"https:\/\/www.enteratever.com\/2023\/wp-content\/uploads\/2024\/05\/imagen_2024-05-03_122011540-280x420.png 280w, https:\/\/www.enteratever.com\/2023\/wp-content\/uploads\/2024\/05\/imagen_2024-05-03_122011540-200x300.png 200w, https:\/\/www.enteratever.com\/2023\/wp-content\/uploads\/2024\/05\/imagen_2024-05-03_122011540-150x225.png 150w, https:\/\/www.enteratever.com\/2023\/wp-content\/uploads\/2024\/05\/imagen_2024-05-03_122011540-300x450.png 300w, https:\/\/www.enteratever.com\/2023\/wp-content\/uploads\/2024\/05\/imagen_2024-05-03_122011540.png 683w\" sizes=\"(max-width: 280px) 100vw, 280px\" alt=\"\">\r\n                            <\/a>\r\n                            \r\n                        <\/figure>\r\n                    <\/div>\r\n                    <div class = \"td-slide-item td-item2\">\r\n                        <figure class=\"td-slide-galery-figure td-slide-popup-gallery\">\r\n                            <a class=\"slide-gallery-image-link\" href=\"https:\/\/www.enteratever.com\/2023\/wp-content\/uploads\/2024\/05\/imagen_2024-05-03_122020910.png\" title=\"\"  data-caption=\"\"  data-description=\"\">\r\n                                <img decoding=\"async\" src=\"https:\/\/www.enteratever.com\/2023\/wp-content\/uploads\/2024\/05\/imagen_2024-05-03_122020910-280x420.png\" srcset=\"https:\/\/www.enteratever.com\/2023\/wp-content\/uploads\/2024\/05\/imagen_2024-05-03_122020910-280x420.png 280w, https:\/\/www.enteratever.com\/2023\/wp-content\/uploads\/2024\/05\/imagen_2024-05-03_122020910-200x300.png 200w, https:\/\/www.enteratever.com\/2023\/wp-content\/uploads\/2024\/05\/imagen_2024-05-03_122020910-150x225.png 150w, https:\/\/www.enteratever.com\/2023\/wp-content\/uploads\/2024\/05\/imagen_2024-05-03_122020910-300x450.png 300w, https:\/\/www.enteratever.com\/2023\/wp-content\/uploads\/2024\/05\/imagen_2024-05-03_122020910.png 683w\" sizes=\"(max-width: 280px) 100vw, 280px\" alt=\"\">\r\n                            <\/a>\r\n                            \r\n                        <\/figure>\r\n                    <\/div>\r\n                            <\/div>\r\n                        <\/div>\r\n\r\n                        <div class = \"td-doubleSlider-2\">\r\n                            <div class = \"td-slider\">\r\n                                \r\n                    <div class = \"td-button td-item1\">\r\n                        <div class = \"td-border\"><\/div>\r\n                    <\/div>\r\n                    <div class = \"td-button td-item2\">\r\n                        <div class = \"td-border\"><\/div>\r\n                    <\/div>\r\n                            <\/div>\r\n                        <\/div>\r\n\r\n                    <\/div>\r\n\r\n                <\/div>\r\n                \n","protected":false},"excerpt":{"rendered":"<p>Visitas: 3La Secretar\u00eda de Cultura de Veracruz presenta una oferta cultural diversa durante el mes de mayo, integrada por exposiciones, conversatorios, talleres, m\u00fasica, teatro, literatura, cine y actividades de fomento a la lectura para todos los p\u00fablicos que tendr\u00e1n lugar en su red de recintos culturales de Xalapa, Veracruz, Boca del R\u00edo, Coatepec, Orizaba, Papantla, [&hellip;]<\/p>\n","protected":false},"author":2,"featured_media":209191,"comment_status":"open","ping_status":"open","sticky":false,"template":"","format":"standard","meta":{"footnotes":""},"categories":[237,236],"tags":[],"class_list":{"0":"post-209188","1":"post","2":"type-post","3":"status-publish","4":"format-standard","5":"has-post-thumbnail","7":"category-xalapa","8":"category-zona-centro"},"nelio_content":{"isAutoShareEnabled":true,"autoShareEndMode":"never","automationSources":{"useCustomSentences":false,"customSentences":[]},"followers":[],"suggestedReferences":[],"efiUrl":"","efiAlt":"","highlights":[],"permalinkQueryArgs":[],"series":[]},"_links":{"self":[{"href":"https:\/\/www.enteratever.com\/2023\/wp-json\/wp\/v2\/posts\/209188","targetHints":{"allow":["GET"]}}],"collection":[{"href":"https:\/\/www.enteratever.com\/2023\/wp-json\/wp\/v2\/posts"}],"about":[{"href":"https:\/\/www.enteratever.com\/2023\/wp-json\/wp\/v2\/types\/post"}],"author":[{"embeddable":true,"href":"https:\/\/www.enteratever.com\/2023\/wp-json\/wp\/v2\/users\/2"}],"replies":[{"embeddable":true,"href":"https:\/\/www.enteratever.com\/2023\/wp-json\/wp\/v2\/comments?post=209188"}],"version-history":[{"count":1,"href":"https:\/\/www.enteratever.com\/2023\/wp-json\/wp\/v2\/posts\/209188\/revisions"}],"predecessor-version":[{"id":209194,"href":"https:\/\/www.enteratever.com\/2023\/wp-json\/wp\/v2\/posts\/209188\/revisions\/209194"}],"wp:featuredmedia":[{"embeddable":true,"href":"https:\/\/www.enteratever.com\/2023\/wp-json\/wp\/v2\/media\/209191"}],"wp:attachment":[{"href":"https:\/\/www.enteratever.com\/2023\/wp-json\/wp\/v2\/media?parent=209188"}],"wp:term":[{"taxonomy":"category","embeddable":true,"href":"https:\/\/www.enteratever.com\/2023\/wp-json\/wp\/v2\/categories?post=209188"},{"taxonomy":"post_tag","embeddable":true,"href":"https:\/\/www.enteratever.com\/2023\/wp-json\/wp\/v2\/tags?post=209188"}],"curies":[{"name":"wp","href":"https:\/\/api.w.org\/{rel}","templated":true}]}}