{"id":209142,"date":"2024-05-02T13:18:26","date_gmt":"2024-05-02T19:18:26","guid":{"rendered":"https:\/\/www.enteratever.com\/2023\/?p=209142"},"modified":"2024-05-02T13:18:26","modified_gmt":"2024-05-02T19:18:26","slug":"invita-secver-a-las-actividades-del-festival-forum-2024-danzones-en-el-cevart","status":"publish","type":"post","link":"https:\/\/www.enteratever.com\/2023\/2024\/05\/02\/invita-secver-a-las-actividades-del-festival-forum-2024-danzones-en-el-cevart\/","title":{"rendered":"Invita SECVER a las actividades del Festival Forum 2024 Danzones en el CEVART"},"content":{"rendered":"<p>Visitas: 1<\/p><p>La Secretar\u00eda de Cultura de Veracruz en colaboraci\u00f3n con el Centro Nacional de Investigaci\u00f3n y Difusi\u00f3n del Danz\u00f3n A.C. (CNIDDAC) y el Programa de Apoyo a Festivales Culturales y Art\u00edsticos de la Secretar\u00eda de Cultura federal, invitan a asistir a las actividades del festival Forum 2024 Danzones en el Puerto, que tendr\u00e1n lugar del jueves 2 al domingo 5 de mayo, en el Centro Veracruzano de las Artes \u201cHugo Arg\u00fcelles\u201d y el Teatro de la Reforma, entre otros recintos de la la ciudad de Veracruz.<\/p>\n<p>El Encuentro Nacional de Orquestas Danzoneras en Veracruz reunir\u00e1 a alrededor de 160 delegaciones de 25 entidades de la rep\u00fablica en diferentes espacios de la ciudad, as\u00ed como en el Centro Veracruzano de las Artes \u201cHugo Arg\u00fcelles\u201d y el Teatro de la Reforma, ambos recintos #SECVER. El programa incluye una serie de talleres, presentaciones editoriales, conferencias, conversatorios y una sesi\u00f3n de escucha. Participar\u00e1n bailadores, promotores, investigadores, especialistas en danz\u00f3n, m\u00fasicos, compositores, arreglistas y grupos de baile.<\/p>\n<p>Las actividades en el Centro Veracruzano de las Artes \u201cHugo Arg\u00fcelles\u201d inician el jueves 2 de mayo a las 16:00 horas con el taller Danz\u00f3n veracruzano, organizado a trav\u00e9s del Programa de Apoyo a la Docencia, Investigaci\u00f3n y Difusi\u00f3n de las Artes (PADID), que ser\u00e1 impartido por Mar\u00eda del Pilar Sevilla y Jos\u00e9 Luis Juanes. El mismo d\u00eda a las 17:00 horas tendr\u00e1 lugar el conversatorio El danz\u00f3n en nuestro tiempo, donde participan Aurelio Carmona Rojas (Escuela Superior de M\u00fasica del INBAL), Francisco Guerrero Salgado (Universidad de Baja California) y Rafael Figueroa Hern\u00e1ndez (Universidad Veracruzana). Esta jornada concluye a las 18:00 horas con la presentaci\u00f3n editorial del t\u00edtulo Danzoner\u00edas: im\u00e1gen, poes\u00eda y narrativa, que contar\u00e1 con la participaci\u00f3n de la compiladora, Lorena Villase\u00f1or, y Francisco Guerrero, docentes de la Universidad de Baja California.<\/p>\n<p>El viernes 3 de mayo a las 16:00 horas se presentar\u00e1 el libro La colecci\u00f3n de danzones selectos para timbal Vol. I, donde participan Felipe Urb\u00e1n Su\u00e1rez y Francisco Guerrero Salgado. A las 16:30 horas inicia la conferencia Composici\u00f3n contempor\u00e1nea de danz\u00f3n, que impartir\u00e1 el arreglista y compositor Alejandro Aguilar Alc\u00e1ntara. Para terminar con las actividades del d\u00eda, Dami\u00e1n B\u00e1ez y artistas invitados presentar\u00e1n el disco Nuevos danzones veracruzanos en la Sesi\u00f3n de escucha que iniciar\u00e1 a las 17:30 horas.<\/p>\n<p>Las actividades en el CEVART concluyen el s\u00e1bado 4 de mayo a las 16:00 horas con el taller Danz\u00f3n de exhibici\u00f3n impartido por Jos\u00e9 Luis Juanes, seguido del conversatorio La ejecuci\u00f3n del timbal en el danz\u00f3n actual, di\u00e1logo a cargo de Hip\u00f3lito Gonz\u00e1lez Pe\u00f1a (Danzonera ACERINA), Dami\u00e1n B\u00e1ez Galv\u00e1n y Rafael Figueroa Hern\u00e1ndez, a las 16:30 horas.<\/p>\n<p>La Muestra Nacional de Danz\u00f3n se llevar\u00e1 a cabo en el Teatro de la Reforma los d\u00edas 3 y 4 de mayo a partir de las 10:00 horas. En ella participar\u00e1 el Centro Nacional de Investigaci\u00f3n y Difusi\u00f3n del Danz\u00f3n A.C.<\/p>\n<p>La SECVER reitera la invitaci\u00f3n a disfrutar las actividades del festival Forum 2024 Danzones del Puerto que se llevar\u00e1n a cabo en el Centro Veracruzano de las Artes \u201cHugo Arg\u00fcelles\u201d. Para mayores informes, comunicarse al tel\u00e9fono 229.932.1332. Conoce toda la oferta formativa, art\u00edstica y cultural del CEVART a trav\u00e9s de Facebook, X e Instagram @CEVARTsecver, y consulta la programaci\u00f3n completa de la Secretar\u00eda de Cultura en las redes sociales @SECVERoficial y el sitio web www.culturaveracruz.gob.mx.<\/p>\n","protected":false},"excerpt":{"rendered":"<p>Visitas: 1La Secretar\u00eda de Cultura de Veracruz en colaboraci\u00f3n con el Centro Nacional de Investigaci\u00f3n y Difusi\u00f3n del Danz\u00f3n A.C. (CNIDDAC) y el Programa de Apoyo a Festivales Culturales y Art\u00edsticos de la Secretar\u00eda de Cultura federal, invitan a asistir a las actividades del festival Forum 2024 Danzones en el Puerto, que tendr\u00e1n lugar del [&hellip;]<\/p>\n","protected":false},"author":2,"featured_media":209145,"comment_status":"open","ping_status":"open","sticky":false,"template":"","format":"standard","meta":{"footnotes":""},"categories":[237,236],"tags":[],"class_list":{"0":"post-209142","1":"post","2":"type-post","3":"status-publish","4":"format-standard","5":"has-post-thumbnail","7":"category-xalapa","8":"category-zona-centro"},"nelio_content":{"isAutoShareEnabled":true,"autoShareEndMode":"never","automationSources":{"useCustomSentences":false,"customSentences":[]},"followers":[],"suggestedReferences":[],"efiUrl":"","efiAlt":"","highlights":[],"permalinkQueryArgs":[],"series":[]},"_links":{"self":[{"href":"https:\/\/www.enteratever.com\/2023\/wp-json\/wp\/v2\/posts\/209142","targetHints":{"allow":["GET"]}}],"collection":[{"href":"https:\/\/www.enteratever.com\/2023\/wp-json\/wp\/v2\/posts"}],"about":[{"href":"https:\/\/www.enteratever.com\/2023\/wp-json\/wp\/v2\/types\/post"}],"author":[{"embeddable":true,"href":"https:\/\/www.enteratever.com\/2023\/wp-json\/wp\/v2\/users\/2"}],"replies":[{"embeddable":true,"href":"https:\/\/www.enteratever.com\/2023\/wp-json\/wp\/v2\/comments?post=209142"}],"version-history":[{"count":1,"href":"https:\/\/www.enteratever.com\/2023\/wp-json\/wp\/v2\/posts\/209142\/revisions"}],"predecessor-version":[{"id":209146,"href":"https:\/\/www.enteratever.com\/2023\/wp-json\/wp\/v2\/posts\/209142\/revisions\/209146"}],"wp:featuredmedia":[{"embeddable":true,"href":"https:\/\/www.enteratever.com\/2023\/wp-json\/wp\/v2\/media\/209145"}],"wp:attachment":[{"href":"https:\/\/www.enteratever.com\/2023\/wp-json\/wp\/v2\/media?parent=209142"}],"wp:term":[{"taxonomy":"category","embeddable":true,"href":"https:\/\/www.enteratever.com\/2023\/wp-json\/wp\/v2\/categories?post=209142"},{"taxonomy":"post_tag","embeddable":true,"href":"https:\/\/www.enteratever.com\/2023\/wp-json\/wp\/v2\/tags?post=209142"}],"curies":[{"name":"wp","href":"https:\/\/api.w.org\/{rel}","templated":true}]}}