{"id":209063,"date":"2024-04-30T13:08:00","date_gmt":"2024-04-30T19:08:00","guid":{"rendered":"https:\/\/www.enteratever.com\/2023\/?p=209063"},"modified":"2024-04-30T13:08:00","modified_gmt":"2024-04-30T19:08:00","slug":"invita-secver-a-disfrutar-de-sus-actividades-con-enfoque-inclusivo-durante-el-mayo","status":"publish","type":"post","link":"https:\/\/www.enteratever.com\/2023\/2024\/04\/30\/invita-secver-a-disfrutar-de-sus-actividades-con-enfoque-inclusivo-durante-el-mayo\/","title":{"rendered":"Invita SECVER a disfrutar de sus actividades con enfoque inclusivo durante el mayo"},"content":{"rendered":"<p>Visitas: 1<\/p><p>La\u00a0<b>Secretar\u00eda de Cultura de Veracruz<\/b>, por medio de su\u00a0<b>Programa de Inclusi\u00f3n a trav\u00e9s de las Artes<\/b>, invita a la comunidad a participar en las diferentes actividades con enfoque inclusivo que se han programado en su red de recintos culturales de Xalapa, Coatepec, Orizaba, Huatusco y Veracruz.<\/p>\n<p>Con motivo del\u00a0<b>D\u00eda Internacional de los Museos<\/b>, la\u00a0<b>Pinacoteca Diego Rivera<\/b>\u00a0realizar\u00e1 una visita guiada con interpretaci\u00f3n en Lengua de Se\u00f1as Mexicana (LSM) por la exposici\u00f3n\u00a0<b><i>David Alfaro Siqueiros: la construcci\u00f3n de lo p\u00fablico<\/i><\/b>, especialmente dirigida al p\u00fablico con discapacidad auditiva. El recorrido tendr\u00e1 lugar el s\u00e1bado 18 de mayo, a las 18:00 horas.<\/p>\n<p>En la\u00a0<b>Galer\u00eda de Arte Contempor\u00e1neo de Xalapa<\/b>\u00a0las infancias podr\u00e1n participar en el taller de actividades l\u00fadicas\u00a0<b>GACXci\u00f3n,\u00a0<\/b>donde despu\u00e9s de visitar las exposiciones\u00a0<i>La m\u00e1scara habitada: un recorrido por los abismos del ser,\u00a0<\/i>de Sebastian Fund, y\u00a0<i>Or\u00edgenes: relatos hilados<\/i>, desarrollar\u00e1n peque\u00f1as piezas de grabado y un memorama, contando con la gu\u00eda de Miranda Bernal, colaboradora de la SECVER, los s\u00e1bados 18 y 25 de mayo a las 11:00 horas. Por otra parte, con el objetivo de promover el reconocimiento de las y los veracruzanos portadores del patrimonio cultural inmaterial del estado, el viernes 31 de mayo a las 18:00 horas se proyectar\u00e1 en el auditorio el documental\u00a0<b><i>Tesoros Humanos Vivos<\/i><\/b>, producci\u00f3n del director Rafael Silverio.<\/p>\n<p>Las personas con diversidad funcional podr\u00e1n sumarse a los talleres inclusivos que tendr\u00e1n lugar en el\u00a0<b>Jard\u00edn de las Esculturas<\/b>\u00a0durante el mes de mayo. Bajo la coordinaci\u00f3n de la maestra Pilar Luengas, de lunes a viernes se desarrollar\u00e1n los talleres\u00a0<b>Entretejiendo naturaleza<\/b>, con horario de 10:00 a 12:00 horas, y\u00a0<b>Pintura inclusiva<\/b><i>,<\/i>\u00a0de las 16:00 a 18:00 horas. Asimismo, los jueves 23 y 30 de mayo\u00a0 continuar\u00e1n las visitas guiadas del programa\u00a0<b>Un Jard\u00edn incluyente<\/b>, recorridos sensoriales con interpretaci\u00f3n en LSM por el recinto m\u00e1s verde de la SECVER.<\/p>\n<p>El\u00a0<b>Teatro del Estado \u201cGral. Ignacio de la Llave\u201d<\/b>\u00a0ser\u00e1 sede de la presentaci\u00f3n conjunta de tres participantes del programa Nuestros Artistas PECDA 5.0, en la disciplina de danza. El mi\u00e9rcoles 29 de mayo a las 19:00 horas, las artistas Linda Aguilar, Thayra Sentmanat D\u00edaz Mir\u00f3n y Linda V\u00e1zquez compartir\u00e1n con el p\u00fablico tres obras coreogr\u00e1ficas que exploran la violencia de g\u00e9nero y el envejecimiento, entre otros temas que atraviesan a las mujeres:\u00a0<b><i>F\u00e9mina, Mulier<\/i><\/b><i>,\u00a0<\/i><b><i>Desarrollo de un solo a partir de la investigaci\u00f3n de la b\u00fasqueda de identidad<\/i><\/b>\u00a0y\u00a0<b><i>Viejando por el cuerpo<\/i><\/b>.<\/p>\n<p>En el\u00a0<b>foro abierto del \u00c1gora de la Ciudad<\/b>\u00a0tambi\u00e9n se proyectar\u00e1 el documental\u00a0<b><i>Tesoros Humanos Vivos<\/i><\/b>, el mi\u00e9rcoles 22 a las 19:00 horas. De igual manera, se presentar\u00e1 la obra de teatro para primeras infancias\u00a0<b>Subibaja<\/b>, interpretada por la compa\u00f1\u00eda Chicozapote el domingo 26 de mayo a las 12:00 horas.<\/p>\n<p>El\u00a0<b>Centro Cultural Coatepec<\/b>\u00a0ofrece todos los martes el taller\u00a0<b>Arteterapia para personas adultas mayores<\/b>. Es impartido por el taller La Semilla, en horario de 11:00 a las 12:30 horas.<\/p>\n<p>En el puerto de Veracruz, el\u00a0<b>Centro Cultural Exconvento Betlehemita<\/b>\u00a0inaugurar\u00e1 la muestra de pintura\u00a0<b><i>Mi mirada de libertad<\/i><\/b>, realizada por infancias del Colectivo Art\u00edstico Escolar GAD, el pr\u00f3ximo 14 de mayo a las 16:00 horas. En el claustro de este recinto, se estrena la exposici\u00f3n\u00a0<b><i>Or\u00edgenes, relatos hilados\u00a0<\/i><\/b>el jueves 23 de mayo, proyecto colectivo en el que participaron mujeres, hombres y personas no binarias de Veracruz, quienes visibilizaron la memoria de sus ancestras a trav\u00e9s de la poes\u00eda y el bordado.<\/p>\n<p>El\u00a0<b>Centro Cultural Casa Principal<\/b>\u00a0invita a ni\u00f1as y ni\u00f1os de 8 a\u00f1os en adelante al taller\u00a0<b>Cer\u00e1mica para todos<\/b>, que tendr\u00e1 lugar los viernes 3,17 y 24 a partir de las 16:00 horas. Por su parte, el\u00a0<b>Centro Cultural Atarazanas<\/b>\u00a0presenta el taller de canto coral en lengua originarias\u00a0<b>Nahui Toskitl | Voz en movimiento<\/b>, dirigido a personas mayores de 16 a\u00f1os, con sesiones los martes, jueves y viernes, de 17:00 a 19:00 horas.<\/p>\n<p>En el\u00a0<b>Museo de Arte del Estado de Veracruz<\/b>, en la ciudad de Orizaba, se conversar\u00e1 sobre la inclusi\u00f3n, la educaci\u00f3n y el trabajo de los museos en el conversatorio\u00a0<b>Museos por la educaci\u00f3n y la inclusi\u00f3n: madres sordas y el reto de la educaci\u00f3n de sus hijas e hijos sordos<\/b>, tambi\u00e9n se llevar\u00e1 cabo una visita guiada en LSM por la exposici\u00f3n\u00a0<b><i>Gustavo P\u00e9rez. Obra reciente y colaboraciones<\/i><\/b>, los d\u00edas 16 y 19 de mayo a las 17:00 horas, respectivamente.\u00a0\u00a0Adem\u00e1s, el MAEV invita a conocer la exposici\u00f3n permanente\u00a0<b><i>Diego ConSentido<\/i><\/b>, dirigida a personas con diversidad funcional.<\/p>\n<p>En Huatusco, el 7 de mayo a las 10:00 horas en la\u00a0<b>Casa Museo Guillermo Landa<\/b>\u00a0se llevar\u00e1 a cabo la premiaci\u00f3n y muestra del\u00a0<b>segundo encuentro del libro artesanal veracruzano<\/b>, con la participaci\u00f3n de la Zona 23 de Educaci\u00f3n Especial Federalizada. Por otra parte, en colaboraci\u00f3n con el Instituto Veracruzano de Educaci\u00f3n para los Adultos se desarrollar\u00e1 la lectura en voz alta\u00a0<b>Evocando a Ernesto Cardenal<\/b>, el viernes 3 mayo a las 18:00 horas. Finalmente, el martes 28 se realizar\u00e1 la jornada de concientizaci\u00f3n sobre el cuidado de la mujer\u00a0<b>Cuidando a todas<\/b>, en coordinaci\u00f3n con \u00c1mate Mujer A.C.<\/p>\n<p>La\u00a0<b>SECVER<\/b>\u00a0reitera la invitaci\u00f3n a participar en las actividades de su\u00a0<b>Programa de Inclusi\u00f3n a trav\u00e9s de las Artes<\/b>. Consulta todas las actividades del<b>\u00a0PIAA<\/b>\u00a0en\u00a0<a href=\"https:\/\/www.facebook.com\/InclusionSECVER\">@InclusionSECVER<\/a>\u00a0y conoce la cartelera mensual que ofrece la\u00a0<b>Secretar\u00eda de Cultura de Veracruz<\/b>\u00a0en el sitio web\u00a0<a href=\"http:\/\/www.culturaveracruz.gob.mx\/\">www.culturaveracruz.gob.mx<\/a>, as\u00ed como en sus redes sociales\u00a0<a href=\"https:\/\/www.facebook.com\/SECVERoficial\">@SECVERoficial<\/a>.<\/p>\n","protected":false},"excerpt":{"rendered":"<p>Visitas: 1La\u00a0Secretar\u00eda de Cultura de Veracruz, por medio de su\u00a0Programa de Inclusi\u00f3n a trav\u00e9s de las Artes, invita a la comunidad a participar en las diferentes actividades con enfoque inclusivo que se han programado en su red de recintos culturales de Xalapa, Coatepec, Orizaba, Huatusco y Veracruz. Con motivo del\u00a0D\u00eda Internacional de los Museos, la\u00a0Pinacoteca [&hellip;]<\/p>\n","protected":false},"author":2,"featured_media":209066,"comment_status":"open","ping_status":"open","sticky":false,"template":"","format":"standard","meta":{"footnotes":""},"categories":[237,236],"tags":[],"class_list":{"0":"post-209063","1":"post","2":"type-post","3":"status-publish","4":"format-standard","5":"has-post-thumbnail","7":"category-xalapa","8":"category-zona-centro"},"nelio_content":{"isAutoShareEnabled":true,"autoShareEndMode":"never","automationSources":{"useCustomSentences":false,"customSentences":[]},"followers":[],"suggestedReferences":[],"efiUrl":"","efiAlt":"","highlights":[],"permalinkQueryArgs":[],"series":[]},"_links":{"self":[{"href":"https:\/\/www.enteratever.com\/2023\/wp-json\/wp\/v2\/posts\/209063","targetHints":{"allow":["GET"]}}],"collection":[{"href":"https:\/\/www.enteratever.com\/2023\/wp-json\/wp\/v2\/posts"}],"about":[{"href":"https:\/\/www.enteratever.com\/2023\/wp-json\/wp\/v2\/types\/post"}],"author":[{"embeddable":true,"href":"https:\/\/www.enteratever.com\/2023\/wp-json\/wp\/v2\/users\/2"}],"replies":[{"embeddable":true,"href":"https:\/\/www.enteratever.com\/2023\/wp-json\/wp\/v2\/comments?post=209063"}],"version-history":[{"count":1,"href":"https:\/\/www.enteratever.com\/2023\/wp-json\/wp\/v2\/posts\/209063\/revisions"}],"predecessor-version":[{"id":209067,"href":"https:\/\/www.enteratever.com\/2023\/wp-json\/wp\/v2\/posts\/209063\/revisions\/209067"}],"wp:featuredmedia":[{"embeddable":true,"href":"https:\/\/www.enteratever.com\/2023\/wp-json\/wp\/v2\/media\/209066"}],"wp:attachment":[{"href":"https:\/\/www.enteratever.com\/2023\/wp-json\/wp\/v2\/media?parent=209063"}],"wp:term":[{"taxonomy":"category","embeddable":true,"href":"https:\/\/www.enteratever.com\/2023\/wp-json\/wp\/v2\/categories?post=209063"},{"taxonomy":"post_tag","embeddable":true,"href":"https:\/\/www.enteratever.com\/2023\/wp-json\/wp\/v2\/tags?post=209063"}],"curies":[{"name":"wp","href":"https:\/\/api.w.org\/{rel}","templated":true}]}}