{"id":209062,"date":"2024-04-30T13:07:44","date_gmt":"2024-04-30T19:07:44","guid":{"rendered":"https:\/\/www.enteratever.com\/2023\/?p=209062"},"modified":"2024-05-08T10:48:50","modified_gmt":"2024-05-08T16:48:50","slug":"invita-secver-a-recordar-al-flaco-de-oro-en-los-miercoles-bohemios-de-la-casita-blanca","status":"publish","type":"post","link":"https:\/\/www.enteratever.com\/2023\/2024\/04\/30\/invita-secver-a-recordar-al-flaco-de-oro-en-los-miercoles-bohemios-de-la-casita-blanca\/","title":{"rendered":"Invita SECVER a recordar al Flaco de Oro en los \u201cMi\u00e9rcoles Bohemios\u201d de la Casita Blanca"},"content":{"rendered":"<p>Visitas: 0<\/p><p>La\u00a0<b>Secretar\u00eda de Cultura de Veracruz\u00a0<\/b>invita a disfrutar de las actividades art\u00edsticas que se compartir\u00e1n en los \u201cMi\u00e9rcoles Bohemios\u201d de la\u00a0<b>Casa Museo Agust\u00edn Lara<\/b>\u00a0durante el mes de mayo. Diferentes n\u00fameros musicales y un mon\u00f3logo po\u00e9tico tendr\u00e1n lugar de manera gratuita los d\u00edas 8, 15 y 29 de mayo a las 17:00 horas, en la Casita Blanca.<\/p>\n<p>El programa\u00a0<b>Mi\u00e9rcoles Bohemios<\/b>\u00a0se ha consolidado como un espacio que promueve y difunde el talento de la comunidad art\u00edstico-musical veracruzana, ofreciendo mes con mes una programaci\u00f3n diversa dirigida a distintos p\u00fablicos. Artistas con una larga trayectoria participan en conciertos, poes\u00eda, recitales y conversatorios en torno a la obra del maestro Lara y los diversos ritmos de\u00a0M\u00e9xico y Veracruz.<\/p>\n<p>El mi\u00e9rcoles 8 de mayo se contar\u00e1 con la participaci\u00f3n de\u00a0Efr\u00e9n Cantautor, quien ofrecer\u00e1 el recital musical\u00a0<b><i>Boler\u00edsimo 2024<\/i><\/b>, repertorio con composiciones de Agust\u00edn Lara.\u00a0Armando Zamora presentar\u00e1 un\u00a0<b>mon\u00f3logo po\u00e9tico<\/b>\u00a0el 15 de mayo,\u00a0 contando las diversas aventuras que vivi\u00f3 el m\u00fasico poeta cuando estuvo en Quer\u00e9taro.\u00a0Finalmente, el mi\u00e9rcoles 29 el m\u00fasico Carlos Sarquis compartir\u00e1 un programa de trova retomando las piezas del afamado veracruzano David Haro en el recital\u00a0<b><i>Trova al sur<\/i><\/b>.<\/p>\n<p>La\u00a0SECVER\u00a0reitera la invitaci\u00f3n a disfrutar de la m\u00fasica del Flaco de Oro y David Haro en los \u201cMi\u00e9rcoles Bohemios\u201d de la\u00a0<b>Casa Museo Agust\u00edn Lara<\/b>, los d\u00edas 8, 15 y 29 de mayo a las 17:00 horas.\u00a0Consulta la programaci\u00f3n completa de este recinto en su p\u00e1gina de Facebook\u00a0<a href=\"https:\/\/www.facebook.com\/MuseoAgustinLara\">@CasaMuseoAgust\u00ednLara<\/a>\u00a0y conoce toda la oferta cultural de la\u00a0Secretar\u00eda en\u00a0<a href=\"http:\/\/www.culturaveracruz.gob.mx\/\">www.culturaveracruz.gob.mx<\/a>, adem\u00e1s de las redes sociales Facebook, X e Instagram\u00a0<a href=\"https:\/\/www.facebook.com\/SECVERoficial\">@SECVERoficial<\/a>.<\/p>\n","protected":false},"excerpt":{"rendered":"<p>Visitas: 0La\u00a0Secretar\u00eda de Cultura de Veracruz\u00a0invita a disfrutar de las actividades art\u00edsticas que se compartir\u00e1n en los \u201cMi\u00e9rcoles Bohemios\u201d de la\u00a0Casa Museo Agust\u00edn Lara\u00a0durante el mes de mayo. Diferentes n\u00fameros musicales y un mon\u00f3logo po\u00e9tico tendr\u00e1n lugar de manera gratuita los d\u00edas 8, 15 y 29 de mayo a las 17:00 horas, en la Casita [&hellip;]<\/p>\n","protected":false},"author":2,"featured_media":209064,"comment_status":"open","ping_status":"open","sticky":false,"template":"","format":"standard","meta":{"footnotes":""},"categories":[237,236],"tags":[],"class_list":{"0":"post-209062","1":"post","2":"type-post","3":"status-publish","4":"format-standard","5":"has-post-thumbnail","7":"category-xalapa","8":"category-zona-centro"},"nelio_content":{"isAutoShareEnabled":true,"autoShareEndMode":"never","automationSources":{"useCustomSentences":false,"customSentences":[]},"followers":[],"suggestedReferences":[],"efiUrl":"","efiAlt":"","highlights":[],"permalinkQueryArgs":[],"series":[]},"_links":{"self":[{"href":"https:\/\/www.enteratever.com\/2023\/wp-json\/wp\/v2\/posts\/209062","targetHints":{"allow":["GET"]}}],"collection":[{"href":"https:\/\/www.enteratever.com\/2023\/wp-json\/wp\/v2\/posts"}],"about":[{"href":"https:\/\/www.enteratever.com\/2023\/wp-json\/wp\/v2\/types\/post"}],"author":[{"embeddable":true,"href":"https:\/\/www.enteratever.com\/2023\/wp-json\/wp\/v2\/users\/2"}],"replies":[{"embeddable":true,"href":"https:\/\/www.enteratever.com\/2023\/wp-json\/wp\/v2\/comments?post=209062"}],"version-history":[{"count":1,"href":"https:\/\/www.enteratever.com\/2023\/wp-json\/wp\/v2\/posts\/209062\/revisions"}],"predecessor-version":[{"id":209065,"href":"https:\/\/www.enteratever.com\/2023\/wp-json\/wp\/v2\/posts\/209062\/revisions\/209065"}],"wp:featuredmedia":[{"embeddable":true,"href":"https:\/\/www.enteratever.com\/2023\/wp-json\/wp\/v2\/media\/209064"}],"wp:attachment":[{"href":"https:\/\/www.enteratever.com\/2023\/wp-json\/wp\/v2\/media?parent=209062"}],"wp:term":[{"taxonomy":"category","embeddable":true,"href":"https:\/\/www.enteratever.com\/2023\/wp-json\/wp\/v2\/categories?post=209062"},{"taxonomy":"post_tag","embeddable":true,"href":"https:\/\/www.enteratever.com\/2023\/wp-json\/wp\/v2\/tags?post=209062"}],"curies":[{"name":"wp","href":"https:\/\/api.w.org\/{rel}","templated":true}]}}