{"id":208997,"date":"2024-04-29T12:52:37","date_gmt":"2024-04-29T18:52:37","guid":{"rendered":"https:\/\/www.enteratever.com\/2023\/?p=208997"},"modified":"2024-04-29T12:52:37","modified_gmt":"2024-04-29T18:52:37","slug":"la-secver-invita-a-disfrutar-la-19a-edicion-de-ambulante-gira-de-documentales-2024-en-el-teatro-del-estado-y-la-gacx","status":"publish","type":"post","link":"https:\/\/www.enteratever.com\/2023\/2024\/04\/29\/la-secver-invita-a-disfrutar-la-19a-edicion-de-ambulante-gira-de-documentales-2024-en-el-teatro-del-estado-y-la-gacx\/","title":{"rendered":"La SECVER invita a disfrutar la 19\u00aa edici\u00f3n de Ambulante Gira de Documentales 2024 en el Teatro del Estado y la GACX"},"content":{"rendered":"<p>Visitas: 2<\/p><p>La Secretar\u00eda de Cultura de Veracruz invita a disfrutar las actividades de la d\u00e9cimo novena edici\u00f3n de Ambulante Gira de Documentales 2024, programa de largometrajes documentales que se llevar\u00e1 a cabo del 2 al 12 de mayo en dos recintos SECVER: el Teatro del Estado \u201cGral. Ignacio de la Llave\u201d y la Galer\u00eda de Arte Contempor\u00e1neo de Xalapa, entre otros espacios culturales de la ciudad de  Xalapa. Las funciones son gratuitas.<\/p>\n<p>Dos recintos de la Secretar\u00eda de Cultura de Veracruz ser\u00e1n sede de la d\u00e9cima novena gira de documentales de Ambulante, organizaci\u00f3n sin fines de lucro dedicada a apoyar y difundir el cine documental como una herramienta de transformaci\u00f3n cultural y social. En el Teatro del Estado \u201cGral. Ignacio de la Llave\u201d se llevar\u00e1 a cabo la funci\u00f3n inaugural de la Gira Ambulante 2024, el pr\u00f3ximo jueves 2 de mayo a las 20:00 horas. Se presentar\u00e1 la pel\u00edcula documental Igualada (2024), del director Juan Mej\u00eda Botero, quien cuenta con m\u00e1s de veinticinco a\u00f1os de experiencia. Este filme narra la historia de Francia M\u00e1rquez, una activista rural colombiana que cuestiona el statu quo al emprender una campa\u00f1a presidencial que se apropia del t\u00e9rmino \u00abigualada\u00bb, inspirando sue\u00f1os de progreso para una naci\u00f3n entera. Hoy ella es la vicepresidenta de Colombia.<\/p>\n<p>Las actividades continuar\u00e1n en la Galer\u00eda de Arte Contempor\u00e1neo de Xalapa. El viernes 3 a las 16:30 horas se proyectar\u00e1 el Programa de Cortos Pulsos | Q&#038;A, funci\u00f3n con interpretaci\u00f3n en Lengua de Se\u00f1as Mexicana conformada por los cortometrajes Cometa, de Flavia Mart\u00ednez; Toda la noche vi crecer el fuego, de Rodrigo Alonso Kahlo; Peque\u00f1os zorros, de Ximena Guzm\u00e1n y Balam Toscano, y Nisei segunda generaci\u00f3n, de Jos\u00e9 Miguel Lino. <\/p>\n<p>M\u00e1s tarde, a las 19:00 horas, se proyectar\u00e1 Invocaciones: retrospectiva Lynne Sachs, programa digital dedicado a la cineasta estadounidense Lynne Sachs, referente obligado del cine de vanguardia de los \u00faltimos a\u00f1os. Est\u00e1 conformado por ocho t\u00edtulos: Trabajo en la ventana, Atalanta treinta y dos a\u00f1os, Un mes de fotogramas, Con el viento en el pelo, Y entonces marchamos, Maya a los veinticuatro, Un a\u00f1o en apuntes y n\u00fameros y Carolee, Barbara &#038; Gunvor.<\/p>\n<p>El s\u00e1bado 4 las presentaciones inician a las 13:00 horas con Ambulantito: Del espacio exterior al mundo interior, programa dirigido a las infancias. Se compartir\u00e1n los cortometrajes: Viaje a J\u00fapiter, de Segundo de Chom\u00f3n; Selva adentro, de Dominique Jonard; Mateo y el cine, de Luis Felipe Hern\u00e1ndez Alanis; No estamos preparados para ser superh\u00e9roes, realizado por Lia Bertels; Zoon, de Jonatan Schwenk; La luna, de los realizadores Laura Gin\u00e8s Bataller y Pepon Meneses, y Marea, dirigido por Lucie Andouche.<\/p>\n<p>Posteriormente, a las 16:00 horas, se presentar\u00e1 el Programa Retrovisor: Miradas para habitar, integrado por tres cortometrajes: Nuestro tequio, realizado por la Asamblea de Autoridades Zapotecas y Chinantecas de la Sierra; Teat Monteok. El cuento del Dios del Rayo, dirigido por Elvira Palafox, y Murmullos del volc\u00e1n, del director Valente Soto.<\/p>\n<p>Para finalizar las proyecciones del d\u00eda, a las 18:30 horas se exhibir\u00e1 El guardi\u00e1n de las monarcas del director y escritor Emiliano Ruprah de Fina, quien centra su trabajo en las culturas y especies en peligro de extinci\u00f3n, el medio ambiente y la guerra. Este filme es un documental de investigaci\u00f3n que sigue la vida y la desaparici\u00f3n del reconocido ambientalista y defensor del Santuario de la Mariposa Monarca en Michoac\u00e1n, Homero G\u00f3mez Gonz\u00e1lez, demostrando c\u00f3mo los intereses del comercio internacional, el crimen organizado y la corrupci\u00f3n se interpusieron en su camino.<\/p>\n<p>Adem\u00e1s, el viernes 3 y s\u00e1bado 4 de mayo a las 10:00 horas se llevar\u00e1 a cabo el taller Preservaci\u00f3n del cine regional: capacitaci\u00f3n en preservaci\u00f3n digital para cineastas en contextos comunitarios, espacio dirigido a realizadores, colectivos y encargados de acervos regionales audiovisuales que deseen desarrollar buenas pr\u00e1cticas para la conservaci\u00f3n de su propia obra o el cine realizado en las distintas regiones del pa\u00eds. Ser\u00e1 impartido por Tzutzumatzin Soto, programadora de Ambulante. Las personas interesadas en participar podr\u00e1n registrarse a trav\u00e9s del formulario https:\/\/bit.ly\/3xVLtim.<\/p>\n<p>La SECVER reitera la invitaci\u00f3n a disfrutar de las actividades gratuitas de la 19\u00b0 edici\u00f3n de Ambulante Gira de Documentales que tendr\u00e1n lugar en el Teatro del Estado \u201cGral. Ignacio de la Llave\u201d y en la Galer\u00eda de Arte Contempor\u00e1neo de Xalapa. Para conocer la programaci\u00f3n completa de esta gira de documentales visita las redes sociales de @AmbulanteAC, as\u00ed como las cuentas de Facebook y X @AgoradelaCiudad, @TeatroDelEstado y @GACXalapa. Consulta todas las actividades que la Secretar\u00eda de Cultura de Veracruz propone este mes en la p\u00e1gina web www.culturaveracruz.gob.mx.<\/p>\n","protected":false},"excerpt":{"rendered":"<p>Visitas: 2La Secretar\u00eda de Cultura de Veracruz invita a disfrutar las actividades de la d\u00e9cimo novena edici\u00f3n de Ambulante Gira de Documentales 2024, programa de largometrajes documentales que se llevar\u00e1 a cabo del 2 al 12 de mayo en dos recintos SECVER: el Teatro del Estado \u201cGral. Ignacio de la Llave\u201d y la Galer\u00eda de [&hellip;]<\/p>\n","protected":false},"author":2,"featured_media":208998,"comment_status":"open","ping_status":"open","sticky":false,"template":"","format":"standard","meta":{"footnotes":""},"categories":[237,236],"tags":[],"class_list":{"0":"post-208997","1":"post","2":"type-post","3":"status-publish","4":"format-standard","5":"has-post-thumbnail","7":"category-xalapa","8":"category-zona-centro"},"nelio_content":{"isAutoShareEnabled":true,"autoShareEndMode":"never","automationSources":{"useCustomSentences":false,"customSentences":[]},"followers":[],"suggestedReferences":[],"efiUrl":"","efiAlt":"","highlights":[],"permalinkQueryArgs":[],"series":[]},"_links":{"self":[{"href":"https:\/\/www.enteratever.com\/2023\/wp-json\/wp\/v2\/posts\/208997","targetHints":{"allow":["GET"]}}],"collection":[{"href":"https:\/\/www.enteratever.com\/2023\/wp-json\/wp\/v2\/posts"}],"about":[{"href":"https:\/\/www.enteratever.com\/2023\/wp-json\/wp\/v2\/types\/post"}],"author":[{"embeddable":true,"href":"https:\/\/www.enteratever.com\/2023\/wp-json\/wp\/v2\/users\/2"}],"replies":[{"embeddable":true,"href":"https:\/\/www.enteratever.com\/2023\/wp-json\/wp\/v2\/comments?post=208997"}],"version-history":[{"count":1,"href":"https:\/\/www.enteratever.com\/2023\/wp-json\/wp\/v2\/posts\/208997\/revisions"}],"predecessor-version":[{"id":209000,"href":"https:\/\/www.enteratever.com\/2023\/wp-json\/wp\/v2\/posts\/208997\/revisions\/209000"}],"wp:featuredmedia":[{"embeddable":true,"href":"https:\/\/www.enteratever.com\/2023\/wp-json\/wp\/v2\/media\/208998"}],"wp:attachment":[{"href":"https:\/\/www.enteratever.com\/2023\/wp-json\/wp\/v2\/media?parent=208997"}],"wp:term":[{"taxonomy":"category","embeddable":true,"href":"https:\/\/www.enteratever.com\/2023\/wp-json\/wp\/v2\/categories?post=208997"},{"taxonomy":"post_tag","embeddable":true,"href":"https:\/\/www.enteratever.com\/2023\/wp-json\/wp\/v2\/tags?post=208997"}],"curies":[{"name":"wp","href":"https:\/\/api.w.org\/{rel}","templated":true}]}}