{"id":208996,"date":"2024-04-29T12:52:40","date_gmt":"2024-04-29T18:52:40","guid":{"rendered":"https:\/\/www.enteratever.com\/2023\/?p=208996"},"modified":"2024-04-29T12:52:40","modified_gmt":"2024-04-29T18:52:40","slug":"presenta-secver-la-cartelera-del-mes-de-mayo-del-cevart","status":"publish","type":"post","link":"https:\/\/www.enteratever.com\/2023\/2024\/04\/29\/presenta-secver-la-cartelera-del-mes-de-mayo-del-cevart\/","title":{"rendered":"Presenta SECVER la cartelera del mes de mayo del CEVART"},"content":{"rendered":"<p>Visitas: 1<\/p><p>La Secretar\u00eda de Cultura de Veracruz invita a conocer las actividades que el Centro Veracruzano de las Artes \u201cHugo Arg\u00fcelles\u201d ha programado durante el mes de mayo, entre las que se encuentran talleres, conversatorios, presentaciones editoriales y un concierto para conmemorar los XX a\u00f1os de este recinto SECVER.<\/p>\n<p>Las actividades comienzan con el festival F\u00f3rum 2024 Danzones del Puerto, jornada cultural que tendr\u00e1 lugar el jueves 2, viernes 3 y s\u00e1bado 4 de mayo, en colaboraci\u00f3n con el Centro Nacional de Investigaci\u00f3n y Difusi\u00f3n del Danz\u00f3n A.C. (CNIDDAC). Se podr\u00e1 disfrutar de talleres y conversatorios sobre este baile de origen cubano, una conferencia sobre su composici\u00f3n musical en la actualidad, la presentaci\u00f3n del disco Nuevos danzones veracruzanos, as\u00ed como la presentaci\u00f3n editorial de t\u00edtulos como Danzoner\u00edas: imagen, poes\u00eda y narrativa, de Lorena Villase\u00f1or y Francisco Guerrero, y La colecci\u00f3n de danzones selectos para timbal Vol. I, presentada por Felipe Urb\u00e1n Su\u00e1rez y Francisco Guerrero Salgado.<\/p>\n<p>La programaci\u00f3n contin\u00faa los viernes con el taller Introducci\u00f3n al dibujo de figura humana impartido por Israel Barr\u00f3n, mismo que cuenta con dos horarios: de 16:00 a 18:30 y de 18:30 a 21:00 horas. Del 6 al 31 de mayo, los lunes, mi\u00e9rcoles y viernes, de 17:00 a 19:00 horas se llevar\u00e1 a cabo el taller de Danza contempor\u00e1nea a cargo de Gustavo Rosas.<\/p>\n<p>El seminario Elementos estructurales del teatro de cabaret tendr\u00e1 lugar de manera presencial del 13 al 24 de mayo, en un horario de 17:00 a 21:00 horas. La actividad ser\u00e1 impartida por Julio Infante y Rodrigo Espinosa, docentes del Centro Dram\u00e1tico de Michoac\u00e1n, gracias a la colaboraci\u00f3n entre esta instituci\u00f3n y la Red de Centros de las Artes del Centro Nacional de las Artes, a trav\u00e9s del programa Territorios Enlazados.<\/p>\n<p>Los conversatorios mensuales de Hablemos de gesti\u00f3n cultural a cargo de Marcela Vargas contin\u00faan el mi\u00e9rcoles 15 de mayo en punto de las 18:00 horas; en tanto que el lunes 20 de mayo a la misma hora tendr\u00e1 lugar el siguiente di\u00e1logo de Tercera llamada, presentado por Iv\u00e1n Barradas.<\/p>\n<p>Con motivo del XX aniversario del CEVART, el viernes 24 de mayo a las 18:00 horas se realizar\u00e1 un Concierto conmemorativo de Jazz. Los #JuevesDeLibros contin\u00faan con la presentaci\u00f3n editorial de El reloj de tompion, de Jorge Brash y Rafael Bull\u00e9-Goyri, el 30 de mayo a las 18:00 horas.<\/p>\n<p>Adem\u00e1s, de manera virtual el CEVART ofrecer\u00e1 el taller Est\u00e9ticas del arte contempor\u00e1neo, impartido por Eliud Nava los lunes, mi\u00e9rcoles y viernes del 10 al 31 de mayo, de las 17:00 a 19:00 horas; el taller Periodismo cultural ser\u00e1 dirigido por Mireya Vega del 11 de mayo al 27 de julio, en horario sabatino, de 10:00 a 13:00 horas; y el coloquio virtual Narrar a Veracruz se realizar\u00e1 el viernes 31 de mayo, de 17:00 a 19:00 horas, con la coordinaci\u00f3n de In\u00e9s Ju\u00e1rez.<\/p>\n<p>La SECVER invita a participar en las actividades que el Centro Veracruzano de las Artes \u201cHugo Arg\u00fcelles\u201d ofrece esta temporada. Todas son gratuitas, con aforo limitado. Para solicitar m\u00e1s informaci\u00f3n puedes comunicarte al tel\u00e9fono 229.932.1332 o enviar un mensaje a sus redes sociales @CEVARTsecver. Conoce la oferta educativa, art\u00edstica y cultural del CEVART y la Secretar\u00eda de Cultura de Veracruz a trav\u00e9s de la p\u00e1gina web www.culturaveracruz.gob.mx. <\/p>\n","protected":false},"excerpt":{"rendered":"<p>Visitas: 1La Secretar\u00eda de Cultura de Veracruz invita a conocer las actividades que el Centro Veracruzano de las Artes \u201cHugo Arg\u00fcelles\u201d ha programado durante el mes de mayo, entre las que se encuentran talleres, conversatorios, presentaciones editoriales y un concierto para conmemorar los XX a\u00f1os de este recinto SECVER. Las actividades comienzan con el festival [&hellip;]<\/p>\n","protected":false},"author":2,"featured_media":208999,"comment_status":"open","ping_status":"open","sticky":false,"template":"","format":"standard","meta":{"footnotes":""},"categories":[237,236],"tags":[],"class_list":{"0":"post-208996","1":"post","2":"type-post","3":"status-publish","4":"format-standard","5":"has-post-thumbnail","7":"category-xalapa","8":"category-zona-centro"},"nelio_content":{"isAutoShareEnabled":true,"autoShareEndMode":"never","automationSources":{"useCustomSentences":false,"customSentences":[]},"followers":[],"suggestedReferences":[],"efiUrl":"","efiAlt":"","highlights":[],"permalinkQueryArgs":[],"series":[]},"_links":{"self":[{"href":"https:\/\/www.enteratever.com\/2023\/wp-json\/wp\/v2\/posts\/208996","targetHints":{"allow":["GET"]}}],"collection":[{"href":"https:\/\/www.enteratever.com\/2023\/wp-json\/wp\/v2\/posts"}],"about":[{"href":"https:\/\/www.enteratever.com\/2023\/wp-json\/wp\/v2\/types\/post"}],"author":[{"embeddable":true,"href":"https:\/\/www.enteratever.com\/2023\/wp-json\/wp\/v2\/users\/2"}],"replies":[{"embeddable":true,"href":"https:\/\/www.enteratever.com\/2023\/wp-json\/wp\/v2\/comments?post=208996"}],"version-history":[{"count":1,"href":"https:\/\/www.enteratever.com\/2023\/wp-json\/wp\/v2\/posts\/208996\/revisions"}],"predecessor-version":[{"id":209001,"href":"https:\/\/www.enteratever.com\/2023\/wp-json\/wp\/v2\/posts\/208996\/revisions\/209001"}],"wp:featuredmedia":[{"embeddable":true,"href":"https:\/\/www.enteratever.com\/2023\/wp-json\/wp\/v2\/media\/208999"}],"wp:attachment":[{"href":"https:\/\/www.enteratever.com\/2023\/wp-json\/wp\/v2\/media?parent=208996"}],"wp:term":[{"taxonomy":"category","embeddable":true,"href":"https:\/\/www.enteratever.com\/2023\/wp-json\/wp\/v2\/categories?post=208996"},{"taxonomy":"post_tag","embeddable":true,"href":"https:\/\/www.enteratever.com\/2023\/wp-json\/wp\/v2\/tags?post=208996"}],"curies":[{"name":"wp","href":"https:\/\/api.w.org\/{rel}","templated":true}]}}