{"id":208860,"date":"2024-04-25T19:48:18","date_gmt":"2024-04-26T01:48:18","guid":{"rendered":"https:\/\/www.enteratever.com\/2023\/?p=208860"},"modified":"2024-04-25T19:48:18","modified_gmt":"2024-04-26T01:48:18","slug":"sere-una-gobernadora-sensible-y-a-ras-de-suelo-rocio-nahle","status":"publish","type":"post","link":"https:\/\/www.enteratever.com\/2023\/2024\/04\/25\/sere-una-gobernadora-sensible-y-a-ras-de-suelo-rocio-nahle\/","title":{"rendered":"Ser\u00e9 una gobernadora sensible y a ras de suelo: Roc\u00edo Nahle"},"content":{"rendered":"<p>Visitas: 8<\/p><p>SER\u00c9 UNA GOBERNADORA SENSIBLE Y A RAS DE SUELO COMPROMETE ROC\u00cdO NAHLE <\/p>\n<p>Papantla de Olarte, Ver., jueves 25 de abril de 2024.- La virtual gobernadora de Veracruz por Morena, PT, Partido Verde y Fuerza por M\u00e9xico, Roc\u00edo Nahle Garc\u00eda, asegur\u00f3 que su pr\u00f3xima administraci\u00f3n estar\u00e1 basada en la presencia en territorio y en la sensibilidad social.<\/p>\n<p>Durante el mitin que sostuvo en Papantla con la pr\u00f3xima presidenta de M\u00e9xico, Claudia Sheinbaum Pardo, afirm\u00f3 que ambas har\u00e1n un gran equipo y juntas acelerar\u00e1n la Cuarta Transformaci\u00f3n que inici\u00f3 el actual mandatario, Andr\u00e9s Manuel L\u00f3pez Obrador.<\/p>\n<p>\u201cJuntas vamos a trabajar en continuar la gran transformaci\u00f3n que ya inici\u00f3 Andr\u00e9s Manuel L\u00f3pez Obrador, se ha avanzado mucho, mucho en el camino despu\u00e9s del rezago que se ten\u00eda, sin embargo falta\u201d, afirm\u00f3. <\/p>\n<p>Agreg\u00f3 que con Claudia Sheinbaum van a acelerar esta Cuarta Transformaci\u00f3n pero requieren del apoyo de los veracruzanos y veracruzanas. <\/p>\n<p>\u201cEsto yo no lo puedo hacer sola, esto lo tengo que hacer con ustedes y yo pregunto aqu\u00ed al noble y querido pueblo de Papantla \u00bfnos van a ayudar?, \u00bfnos van a apoyar?, con eso me basta porque nosotros como pueblo trabajador, noble, alegre, podemos hacer muchas cosas y en m\u00ed van a encontrar una gobernadora, una gobernadora que va a estar a ras de suelo, una gobernadora que voy a trabajar con sensibilidad social pero lo m\u00e1s, lo m\u00e1s importante, una gobernadora que tiene un profundo, profundo amor por Veracruz\u201d, agreg\u00f3. <\/p>\n<p>Roc\u00edo Nahle reiter\u00f3 que Sheinbaum Pardo seguir\u00e1 recorriendo las cabeceras de los distritos federales de la entidad para escuchar y posteriormente transformar a Veracruz.  <\/p>\n<p>\u201cMuchas gracias Papantla de mis amores, aqu\u00ed nuevamente pero mejor, acompa\u00f1ada de la futura presidenta de M\u00e9xico, y miren la importancia de que la pr\u00f3xima presidenta de M\u00e9xico recorra el territorio veracruzano, todas las cabeceras distritales de Veracruz est\u00e1 visitando, escuchando, para ver, para sentir, para ayudar\u201d, expuso.<\/p>\n","protected":false},"excerpt":{"rendered":"<p>Visitas: 8SER\u00c9 UNA GOBERNADORA SENSIBLE Y A RAS DE SUELO COMPROMETE ROC\u00cdO NAHLE Papantla de Olarte, Ver., jueves 25 de abril de 2024.- La virtual gobernadora de Veracruz por Morena, PT, Partido Verde y Fuerza por M\u00e9xico, Roc\u00edo Nahle Garc\u00eda, asegur\u00f3 que su pr\u00f3xima administraci\u00f3n estar\u00e1 basada en la presencia en territorio y en la [&hellip;]<\/p>\n","protected":false},"author":2,"featured_media":208861,"comment_status":"open","ping_status":"open","sticky":false,"template":"","format":"standard","meta":{"footnotes":""},"categories":[215,219],"tags":[],"class_list":{"0":"post-208860","1":"post","2":"type-post","3":"status-publish","4":"format-standard","5":"has-post-thumbnail","7":"category-papantla","8":"category-zona-norte"},"nelio_content":{"isAutoShareEnabled":true,"autoShareEndMode":"never","automationSources":{"useCustomSentences":false,"customSentences":[]},"followers":[],"suggestedReferences":[],"efiUrl":"","efiAlt":"","highlights":[],"permalinkQueryArgs":[],"series":[]},"_links":{"self":[{"href":"https:\/\/www.enteratever.com\/2023\/wp-json\/wp\/v2\/posts\/208860","targetHints":{"allow":["GET"]}}],"collection":[{"href":"https:\/\/www.enteratever.com\/2023\/wp-json\/wp\/v2\/posts"}],"about":[{"href":"https:\/\/www.enteratever.com\/2023\/wp-json\/wp\/v2\/types\/post"}],"author":[{"embeddable":true,"href":"https:\/\/www.enteratever.com\/2023\/wp-json\/wp\/v2\/users\/2"}],"replies":[{"embeddable":true,"href":"https:\/\/www.enteratever.com\/2023\/wp-json\/wp\/v2\/comments?post=208860"}],"version-history":[{"count":1,"href":"https:\/\/www.enteratever.com\/2023\/wp-json\/wp\/v2\/posts\/208860\/revisions"}],"predecessor-version":[{"id":208862,"href":"https:\/\/www.enteratever.com\/2023\/wp-json\/wp\/v2\/posts\/208860\/revisions\/208862"}],"wp:featuredmedia":[{"embeddable":true,"href":"https:\/\/www.enteratever.com\/2023\/wp-json\/wp\/v2\/media\/208861"}],"wp:attachment":[{"href":"https:\/\/www.enteratever.com\/2023\/wp-json\/wp\/v2\/media?parent=208860"}],"wp:term":[{"taxonomy":"category","embeddable":true,"href":"https:\/\/www.enteratever.com\/2023\/wp-json\/wp\/v2\/categories?post=208860"},{"taxonomy":"post_tag","embeddable":true,"href":"https:\/\/www.enteratever.com\/2023\/wp-json\/wp\/v2\/tags?post=208860"}],"curies":[{"name":"wp","href":"https:\/\/api.w.org\/{rel}","templated":true}]}}