{"id":208823,"date":"2024-04-25T12:18:47","date_gmt":"2024-04-25T18:18:47","guid":{"rendered":"https:\/\/www.enteratever.com\/2023\/?p=208823"},"modified":"2024-04-25T12:18:47","modified_gmt":"2024-04-25T18:18:47","slug":"celebra-secver-el-dia-internacional-de-la-danza-con-el-programa-artistico-viva-danza","status":"publish","type":"post","link":"https:\/\/www.enteratever.com\/2023\/2024\/04\/25\/celebra-secver-el-dia-internacional-de-la-danza-con-el-programa-artistico-viva-danza\/","title":{"rendered":"Celebra SECVER el D\u00eda Internacional de la Danza con el programa art\u00edstico Viva Danza"},"content":{"rendered":"<p>Visitas: 1<\/p><p>La Secretar\u00eda de Cultura de Veracruz celebra el D\u00eda Internacional de la Danza en el Teatro de la Reforma con el programa de presentaciones art\u00edsticas Viva Danza, con la participaci\u00f3n de academias locales y estatales. La actividad tendr\u00e1 lugar de manera gratuita el pr\u00f3ximo lunes 29 de abril a las 18:00 horas.<\/p>\n<p>Por iniciativa del Comit\u00e9 Internacional de la Danza, el 29 de abril se celebra el D\u00eda Internacional de la Danza, fecha establecida en 1982 por la Organizaci\u00f3n de las Naciones Unidas para la Educaci\u00f3n, la Ciencia y la Cultura (UNESCO). Para reunir a aquellos que han elegido a la danza como medio de expresi\u00f3n y a todas las personas que disfrutan de este arte que traspasa las barreras culturales, pol\u00edticas y \u00e9tnicas, la SECVER presenta el programa Viva Danza.<\/p>\n<p>Este repertorio danc\u00edstico congrega a 15 academias, locales y estatales, organizadas y presentadas en forma de mosaico para garantizar una programaci\u00f3n din\u00e1mica y diversa. Alrededor de 60 bailarinas y bailarines ser\u00e1n las y los encargados de proyectar en escena su pasi\u00f3n y vitalidad, dando cuenta de la riqueza cultural de Veracruz.<\/p>\n<p>La SECVER invita a disfrutar de las presentaciones coreogr\u00e1ficas de Viva Danza, el lunes 29 de abril a las 18:00 horas en el Teatro de la Reforma. La entrada es gratuita. Consulta la programaci\u00f3n completa del emblem\u00e1tico recinto veracruzano a trav\u00e9s de la cuenta de Facebook @TeatrodelaReformaSECVER y conoce todas las actividades que la red de recintos de la Secretar\u00eda de Cultura de Veracruz propone este mes en sus redes sociales @SECVERoficial y su p\u00e1gina web www.culturaveracruz.gob.mx.<\/p>\n","protected":false},"excerpt":{"rendered":"<p>Visitas: 1La Secretar\u00eda de Cultura de Veracruz celebra el D\u00eda Internacional de la Danza en el Teatro de la Reforma con el programa de presentaciones art\u00edsticas Viva Danza, con la participaci\u00f3n de academias locales y estatales. La actividad tendr\u00e1 lugar de manera gratuita el pr\u00f3ximo lunes 29 de abril a las 18:00 horas. Por iniciativa [&hellip;]<\/p>\n","protected":false},"author":2,"featured_media":208825,"comment_status":"open","ping_status":"open","sticky":false,"template":"","format":"standard","meta":{"footnotes":""},"categories":[237,236],"tags":[],"class_list":{"0":"post-208823","1":"post","2":"type-post","3":"status-publish","4":"format-standard","5":"has-post-thumbnail","7":"category-xalapa","8":"category-zona-centro"},"nelio_content":{"isAutoShareEnabled":true,"autoShareEndMode":"never","automationSources":{"useCustomSentences":false,"customSentences":[]},"followers":[],"suggestedReferences":[],"efiUrl":"","efiAlt":"","highlights":[],"permalinkQueryArgs":[],"series":[]},"_links":{"self":[{"href":"https:\/\/www.enteratever.com\/2023\/wp-json\/wp\/v2\/posts\/208823","targetHints":{"allow":["GET"]}}],"collection":[{"href":"https:\/\/www.enteratever.com\/2023\/wp-json\/wp\/v2\/posts"}],"about":[{"href":"https:\/\/www.enteratever.com\/2023\/wp-json\/wp\/v2\/types\/post"}],"author":[{"embeddable":true,"href":"https:\/\/www.enteratever.com\/2023\/wp-json\/wp\/v2\/users\/2"}],"replies":[{"embeddable":true,"href":"https:\/\/www.enteratever.com\/2023\/wp-json\/wp\/v2\/comments?post=208823"}],"version-history":[{"count":1,"href":"https:\/\/www.enteratever.com\/2023\/wp-json\/wp\/v2\/posts\/208823\/revisions"}],"predecessor-version":[{"id":208826,"href":"https:\/\/www.enteratever.com\/2023\/wp-json\/wp\/v2\/posts\/208823\/revisions\/208826"}],"wp:featuredmedia":[{"embeddable":true,"href":"https:\/\/www.enteratever.com\/2023\/wp-json\/wp\/v2\/media\/208825"}],"wp:attachment":[{"href":"https:\/\/www.enteratever.com\/2023\/wp-json\/wp\/v2\/media?parent=208823"}],"wp:term":[{"taxonomy":"category","embeddable":true,"href":"https:\/\/www.enteratever.com\/2023\/wp-json\/wp\/v2\/categories?post=208823"},{"taxonomy":"post_tag","embeddable":true,"href":"https:\/\/www.enteratever.com\/2023\/wp-json\/wp\/v2\/tags?post=208823"}],"curies":[{"name":"wp","href":"https:\/\/api.w.org\/{rel}","templated":true}]}}