{"id":208760,"date":"2024-04-24T12:07:35","date_gmt":"2024-04-24T18:07:35","guid":{"rendered":"https:\/\/www.enteratever.com\/2023\/?p=208760"},"modified":"2024-04-24T12:07:35","modified_gmt":"2024-04-24T18:07:35","slug":"invita-secver-al-vii-festixal-de-los-anfibios-en-el-jardin-de-las-esculturas","status":"publish","type":"post","link":"https:\/\/www.enteratever.com\/2023\/2024\/04\/24\/invita-secver-al-vii-festixal-de-los-anfibios-en-el-jardin-de-las-esculturas\/","title":{"rendered":"Invita SECVER al VII FestiXal de los Anfibios en el Jard\u00edn de las Esculturas"},"content":{"rendered":"<p>Visitas: 0<\/p><p>Con la intenci\u00f3n de sensibilizar a las personas en torno al cuidado del medio ambiente y reflexionar sobre las problem\u00e1ticas relacionadas con los ecosistemas en riesgo, el peligro de extinci\u00f3n de ciertas especies y el notable cambio clim\u00e1tico, la\u00a0<b>Secretar\u00eda de Cultura de Veracruz<\/b>, a trav\u00e9s del\u00a0<b>Jard\u00edn de las Esculturas<\/b>, invita al\u00a0<b>VII FestiXal de los Anfibios<\/b>, que se realizar\u00e1 el s\u00e1bado 27 de abril de 10:00 a 14:00 horas en el JEX. La entrada es gratuita.<\/p>\n<p>El\u00a0<b>FestiXal de los Anfibios<\/b>\u00a0se cre\u00f3 en 2018, motivado por un profundo compromiso hacia estos animales y con el claro prop\u00f3sito de sensibilizar a la sociedad acerca de la riqueza, importancia y las principales amenazas que enfrentan las poblaciones de anfibios de M\u00e9xico y Veracruz. En su s\u00e9ptima emisi\u00f3n, el FestiXal fortalece el v\u00ednculo entre el arte, la naturaleza y la divulgaci\u00f3n cient\u00edfica con una programaci\u00f3n integrada por\u00a0actividades l\u00fadicas, charlas, documentales, juegos did\u00e1cticos, recorridos guiados y talleres dise\u00f1ados para el p\u00fablico general.<\/p>\n<p>El programa se inaugura a las 10:00 horas. A partir de la apertura,\u00a0las y los asistentes podr\u00e1n adquirir diferentes productos en la\u00a0<b>Anfibiotienda<\/b>. Adem\u00e1s, de las 10:20 a las 13:00 horas se llevar\u00e1n a cabo los talleres del festival, entre los que se encuentran las actividades\u00a0<b>RanaZos<\/b>,\u00a0<b>AmphiZines<\/b>,\u00a0<b>Memorama ac\u00fastico<\/b>\u00a0y\u00a0<b>Rana atrapa moscas<\/b>.<\/p>\n<p>A las 10:30 horas se contar\u00e1 con la participaci\u00f3n de Ericka Oca\u00f1a, quien compartir\u00e1 la charla\u00a0<b>Diez cosas locas que los anfibios hacen<\/b>. A las 11:00 horas se realizar\u00e1 el recorrido\u00a0<b>Cultura y Natura<\/b>, en el que se podr\u00e1 conocer\u00a0el acervo del Jard\u00edn y las especies de flora y fauna que habitan en el recinto m\u00e1s verde de la SECVER.<\/p>\n<p>En la Sala Bromelia del JEX, el\u00a0<b>Cineanfibia\u00a0<\/b>contar\u00e1 con proyecciones a las 11:30, 12:00, 13:30 y a las 14:00 horas. Finalmente, en punto de las 12:30 horas, Flor V\u00e1zquez presentar\u00e1 al invitado de honor del FestiXal 2024 en la charla\u00a0<b>Sapo de cresta grande<\/b>.<\/p>\n<p>La\u00a0<b>Secretar\u00eda de Cultura de Veracruz<\/b>\u00a0invita al p\u00fablico a conocer, crear y divertirse este s\u00e1bado 27 de abril, de 10:00 a 14:00 horas, en el\u00a0<b>VII FestiXal de los Anfibios 2024<\/b>, con sede en el\u00a0<b>Jard\u00edn de las Esculturas<\/b>. Todas las actividades son gratuitas. Las personas interesadas en participar pueden consultar el programa y solicitar mayores informes a trav\u00e9s de las redes sociales Facebook e Instagram\u00a0<a href=\"https:\/\/es-la.facebook.com\/JardinDeLasEsculturas\/\">@JardinDeLasEsculturas<\/a>, o comunicarse al tel\u00e9fono 228.813.7753.<\/p>\n<p>Conoce la cartelera de actividades que el recinto m\u00e1s verde de la SECVER ha programado para ti este mes en\u00a0<a href=\"https:\/\/jex.veracruzcultura.com\/\">https:\/\/jex.veracruzcultura.com<\/a>\u00a0y consulta toda la oferta cultural de la Secretar\u00eda en su p\u00e1gina web:\u00a0<a href=\"http:\/\/www.culturaveracruz.gob.mx\/\">www.culturaveracruz.gob.mx<\/a>.<\/p>\n","protected":false},"excerpt":{"rendered":"<p>Visitas: 0Con la intenci\u00f3n de sensibilizar a las personas en torno al cuidado del medio ambiente y reflexionar sobre las problem\u00e1ticas relacionadas con los ecosistemas en riesgo, el peligro de extinci\u00f3n de ciertas especies y el notable cambio clim\u00e1tico, la\u00a0Secretar\u00eda de Cultura de Veracruz, a trav\u00e9s del\u00a0Jard\u00edn de las Esculturas, invita al\u00a0VII FestiXal de los [&hellip;]<\/p>\n","protected":false},"author":2,"featured_media":208761,"comment_status":"open","ping_status":"open","sticky":false,"template":"","format":"standard","meta":{"footnotes":""},"categories":[237,236],"tags":[],"class_list":{"0":"post-208760","1":"post","2":"type-post","3":"status-publish","4":"format-standard","5":"has-post-thumbnail","7":"category-xalapa","8":"category-zona-centro"},"nelio_content":{"isAutoShareEnabled":true,"autoShareEndMode":"never","automationSources":{"useCustomSentences":false,"customSentences":[]},"followers":[],"suggestedReferences":[],"efiUrl":"","efiAlt":"","highlights":[],"permalinkQueryArgs":[],"series":[]},"_links":{"self":[{"href":"https:\/\/www.enteratever.com\/2023\/wp-json\/wp\/v2\/posts\/208760","targetHints":{"allow":["GET"]}}],"collection":[{"href":"https:\/\/www.enteratever.com\/2023\/wp-json\/wp\/v2\/posts"}],"about":[{"href":"https:\/\/www.enteratever.com\/2023\/wp-json\/wp\/v2\/types\/post"}],"author":[{"embeddable":true,"href":"https:\/\/www.enteratever.com\/2023\/wp-json\/wp\/v2\/users\/2"}],"replies":[{"embeddable":true,"href":"https:\/\/www.enteratever.com\/2023\/wp-json\/wp\/v2\/comments?post=208760"}],"version-history":[{"count":1,"href":"https:\/\/www.enteratever.com\/2023\/wp-json\/wp\/v2\/posts\/208760\/revisions"}],"predecessor-version":[{"id":208762,"href":"https:\/\/www.enteratever.com\/2023\/wp-json\/wp\/v2\/posts\/208760\/revisions\/208762"}],"wp:featuredmedia":[{"embeddable":true,"href":"https:\/\/www.enteratever.com\/2023\/wp-json\/wp\/v2\/media\/208761"}],"wp:attachment":[{"href":"https:\/\/www.enteratever.com\/2023\/wp-json\/wp\/v2\/media?parent=208760"}],"wp:term":[{"taxonomy":"category","embeddable":true,"href":"https:\/\/www.enteratever.com\/2023\/wp-json\/wp\/v2\/categories?post=208760"},{"taxonomy":"post_tag","embeddable":true,"href":"https:\/\/www.enteratever.com\/2023\/wp-json\/wp\/v2\/tags?post=208760"}],"curies":[{"name":"wp","href":"https:\/\/api.w.org\/{rel}","templated":true}]}}