{"id":208713,"date":"2024-04-23T16:07:39","date_gmt":"2024-04-23T22:07:39","guid":{"rendered":"https:\/\/www.enteratever.com\/2023\/?p=208713"},"modified":"2024-04-23T22:29:57","modified_gmt":"2024-04-24T04:29:57","slug":"suspenden-suministro-electrico-en-el-centro-de-papantla","status":"publish","type":"post","link":"https:\/\/www.enteratever.com\/2023\/2024\/04\/23\/suspenden-suministro-electrico-en-el-centro-de-papantla\/","title":{"rendered":"Por reparaci\u00f3n en l\u00edneas no habr\u00e1 luz en varias calles de Papantla"},"content":{"rendered":"<p>Visitas: 15<\/p><p>C\u00e9ntrico sector de Papantla no contar\u00e1 con energ\u00eda el\u00e9ctrica este jueves de acuerdo con un comunicado emitido por Comisi\u00f3n Federal de electricidad.<\/p>\n<p>A fin de mantener informada a la sociedad papanteca sobre los cortes de energ\u00eda que se van a estar efectuando en algunos puntos de la ciudad la CFE advirti\u00f3 que el corte de energ\u00eda abarcar\u00e1 las calles Juan de Luz Enr\u00edquez; Artes; Azueta; 5 de Mayo; 20 de Noviembre; Curato; 16 de septiembre; Jos\u00e9 de J. Nu\u00f1ez y la mina.<\/p>\n<p>Aunque la CFE ha dado a conocer que ser\u00e1 en el sector centro hay quienes piensan que el corte abarcar\u00e1 a lo largo de todas las calles.<\/p>\n<p>Dicho corte se efectuar\u00e1 el d\u00eda jueves 25 de abril en un horario de nueve de la ma\u00f1ana a dos treinta de la tarde, por lo que piden comprensi\u00f3n a la ciudadan\u00eda.<\/p>\n","protected":false},"excerpt":{"rendered":"<p>Visitas: 15C\u00e9ntrico sector de Papantla no contar\u00e1 con energ\u00eda el\u00e9ctrica este jueves de acuerdo con un comunicado emitido por Comisi\u00f3n Federal de electricidad. A fin de mantener informada a la sociedad papanteca sobre los cortes de energ\u00eda que se van a estar efectuando en algunos puntos de la ciudad la CFE advirti\u00f3 que el corte [&hellip;]<\/p>\n","protected":false},"author":3,"featured_media":208714,"comment_status":"open","ping_status":"open","sticky":false,"template":"","format":"standard","meta":{"footnotes":""},"categories":[215,219],"tags":[41],"class_list":{"0":"post-208713","1":"post","2":"type-post","3":"status-publish","4":"format-standard","5":"has-post-thumbnail","7":"category-papantla","8":"category-zona-norte","9":"tag-portada"},"nelio_content":{"isAutoShareEnabled":true,"autoShareEndMode":"never","automationSources":{"useCustomSentences":false,"customSentences":[]},"followers":[],"suggestedReferences":[],"efiUrl":"","efiAlt":"","highlights":[],"permalinkQueryArgs":[],"series":[]},"_links":{"self":[{"href":"https:\/\/www.enteratever.com\/2023\/wp-json\/wp\/v2\/posts\/208713","targetHints":{"allow":["GET"]}}],"collection":[{"href":"https:\/\/www.enteratever.com\/2023\/wp-json\/wp\/v2\/posts"}],"about":[{"href":"https:\/\/www.enteratever.com\/2023\/wp-json\/wp\/v2\/types\/post"}],"author":[{"embeddable":true,"href":"https:\/\/www.enteratever.com\/2023\/wp-json\/wp\/v2\/users\/3"}],"replies":[{"embeddable":true,"href":"https:\/\/www.enteratever.com\/2023\/wp-json\/wp\/v2\/comments?post=208713"}],"version-history":[{"count":2,"href":"https:\/\/www.enteratever.com\/2023\/wp-json\/wp\/v2\/posts\/208713\/revisions"}],"predecessor-version":[{"id":208732,"href":"https:\/\/www.enteratever.com\/2023\/wp-json\/wp\/v2\/posts\/208713\/revisions\/208732"}],"wp:featuredmedia":[{"embeddable":true,"href":"https:\/\/www.enteratever.com\/2023\/wp-json\/wp\/v2\/media\/208714"}],"wp:attachment":[{"href":"https:\/\/www.enteratever.com\/2023\/wp-json\/wp\/v2\/media?parent=208713"}],"wp:term":[{"taxonomy":"category","embeddable":true,"href":"https:\/\/www.enteratever.com\/2023\/wp-json\/wp\/v2\/categories?post=208713"},{"taxonomy":"post_tag","embeddable":true,"href":"https:\/\/www.enteratever.com\/2023\/wp-json\/wp\/v2\/tags?post=208713"}],"curies":[{"name":"wp","href":"https:\/\/api.w.org\/{rel}","templated":true}]}}