{"id":208708,"date":"2024-04-23T11:24:44","date_gmt":"2024-04-23T17:24:44","guid":{"rendered":"https:\/\/www.enteratever.com\/2023\/?p=208708"},"modified":"2024-04-23T11:29:18","modified_gmt":"2024-04-23T17:29:18","slug":"jornada-musical-para-las-infancias-ofrece-la-escuela-libre-de-musica-de-la-secver-con-motivo-del-dia-de-la-nina-y-el-nino","status":"publish","type":"post","link":"https:\/\/www.enteratever.com\/2023\/2024\/04\/23\/jornada-musical-para-las-infancias-ofrece-la-escuela-libre-de-musica-de-la-secver-con-motivo-del-dia-de-la-nina-y-el-nino\/","title":{"rendered":"Jornada musical para las infancias ofrece la Escuela Libre de M\u00fasica de la SECVER, con motivo del D\u00eda de la Ni\u00f1a y el Ni\u00f1o"},"content":{"rendered":"<p>Visitas: 0<\/p><p>La\u00a0<b>Secretar\u00eda de Cultura de Veracruz<\/b>, a trav\u00e9s de la\u00a0<b>Escuela Libre de M\u00fasica\u00a0<\/b>(ELM), presenta el programa\u00a0<b>Para chicos y grandes. Jornada por el D\u00eda de la Ni\u00f1a y el Ni\u00f1o 2024<\/b>, con actividades y presentaciones art\u00edsticas dirigidas al p\u00fablico en general. La programaci\u00f3n se realizar\u00e1 del 24 al 30 de abril en el claustro y capilla del\u00a0<b>Centro Cultural Exconvento Betlehemita<\/b>\u00a0y en la Sala de M\u00fasica de la\u00a0<b>ELM<\/b>. La entrada es gratuita.<\/p>\n<p>Las presentaciones estar\u00e1n a cargo de alumnos y profesores de la Escuela Libre de M\u00fasica. Asimismo, se contar\u00e1 con la participaci\u00f3n de artistas invitados como la actriz y titiritera Arminda V\u00e1zquez; la mezzosoprano Gabriela Flores, directora del Estudio de \u00d3pera de Bellas Artes (EOBA); y Daniel Luna Flores, quien a sus 13 a\u00f1os es una joven promesa de las percusiones.<\/p>\n<p>Adem\u00e1s de las presentaciones, se llevar\u00e1n a cabo visitas a algunas escuelas p\u00fablicas de la zona conurbada, donde se ofrecer\u00e1n conciertos did\u00e1cticos para la poblaci\u00f3n estudiantil y acad\u00e9mica.<\/p>\n<p>El p\u00fablico podr\u00e1 disfrutar de diversas actividades: en la\u00a0<b>capilla del Exconvento Betlehemita<\/b>, el\u00a0<b>Concierto de la Orquesta de la ELM<\/b>,\u00a0el mi\u00e9rcoles 24 de abril a las 17:00 horas; y\u00a0<b><i>Cri-Cri sigue aqu\u00ed<\/i><\/b>, con canciones escenificadas por estudiantes de canto de la carrera t\u00e9cnica y el taller juvenil, el viernes 26 de abril a las 17:00 horas. En la\u00a0<b>Sala de M\u00fasica de la Escuela Libre<\/b>, el\u00a0<b>Concierto de percusiones con Daniel Luna Flores<\/b>\u00a0y la\u00a0<b>Charla virtual con Gabriela Flores<\/b>, directora del EOBA, ambas actividades el lunes 29 de abril a las 17:00 y 19:00 horas, y finalmente, el\u00a0<b>Concierto de Maestros<\/b>, el martes 30 de abril a las 17:00 horas.<\/p>\n<p>La SECVER invita a divertirse con las actividades del programa\u00a0<b>Para chicos y grandes. Jornada por el D\u00eda de la Ni\u00f1a y el Ni\u00f1o 2024<\/b>,\u00a0que se llevar\u00e1 a cabo del 24 al 30 de abril en el claustro y capilla del\u00a0<b>Centro Cultural Exconvento Betlehemita<\/b>\u00a0y en la Sala de M\u00fasica de la\u00a0<b>Escuela Libre de M\u00fasica<\/b>. Puedes consultar m\u00e1s informaci\u00f3n en la p\u00e1gina de Facebook\u00a0<a href=\"https:\/\/www.facebook.com\/EscueladeMusicaSECVER\/\">@EscueladeMusicaSECVER<\/a>\u00a0o a trav\u00e9s de los n\u00fameros de tel\u00e9fono 229.931.6962 y 229.932.1331, ext. 1143.<\/p>\n<p>Conoce la programaci\u00f3n completa de la\u00a0<b>Secretar\u00eda de Cultura de Veracruz<\/b>\u00a0en\u00a0<a href=\"http:\/\/www.culturaveracruz.gob.mx\/\">www.culturaveracruz.gob.mx<\/a>\u00a0y las redes sociales Facebook, X e Instagram\u00a0<a href=\"https:\/\/www.facebook.com\/SECVERoficial\">@SECVERoficial<\/a>.<\/p>\n<p>&nbsp;<\/p>\n","protected":false},"excerpt":{"rendered":"<p>Visitas: 0La\u00a0Secretar\u00eda de Cultura de Veracruz, a trav\u00e9s de la\u00a0Escuela Libre de M\u00fasica\u00a0(ELM), presenta el programa\u00a0Para chicos y grandes. Jornada por el D\u00eda de la Ni\u00f1a y el Ni\u00f1o 2024, con actividades y presentaciones art\u00edsticas dirigidas al p\u00fablico en general. La programaci\u00f3n se realizar\u00e1 del 24 al 30 de abril en el claustro y capilla [&hellip;]<\/p>\n","protected":false},"author":2,"featured_media":208710,"comment_status":"open","ping_status":"open","sticky":false,"template":"","format":"standard","meta":{"footnotes":""},"categories":[237,236],"tags":[],"class_list":{"0":"post-208708","1":"post","2":"type-post","3":"status-publish","4":"format-standard","5":"has-post-thumbnail","7":"category-xalapa","8":"category-zona-centro"},"nelio_content":{"isAutoShareEnabled":true,"autoShareEndMode":"never","automationSources":{"useCustomSentences":false,"customSentences":[]},"followers":[],"suggestedReferences":[],"efiUrl":"","efiAlt":"","highlights":[],"permalinkQueryArgs":[],"series":[]},"_links":{"self":[{"href":"https:\/\/www.enteratever.com\/2023\/wp-json\/wp\/v2\/posts\/208708","targetHints":{"allow":["GET"]}}],"collection":[{"href":"https:\/\/www.enteratever.com\/2023\/wp-json\/wp\/v2\/posts"}],"about":[{"href":"https:\/\/www.enteratever.com\/2023\/wp-json\/wp\/v2\/types\/post"}],"author":[{"embeddable":true,"href":"https:\/\/www.enteratever.com\/2023\/wp-json\/wp\/v2\/users\/2"}],"replies":[{"embeddable":true,"href":"https:\/\/www.enteratever.com\/2023\/wp-json\/wp\/v2\/comments?post=208708"}],"version-history":[{"count":1,"href":"https:\/\/www.enteratever.com\/2023\/wp-json\/wp\/v2\/posts\/208708\/revisions"}],"predecessor-version":[{"id":208711,"href":"https:\/\/www.enteratever.com\/2023\/wp-json\/wp\/v2\/posts\/208708\/revisions\/208711"}],"wp:featuredmedia":[{"embeddable":true,"href":"https:\/\/www.enteratever.com\/2023\/wp-json\/wp\/v2\/media\/208710"}],"wp:attachment":[{"href":"https:\/\/www.enteratever.com\/2023\/wp-json\/wp\/v2\/media?parent=208708"}],"wp:term":[{"taxonomy":"category","embeddable":true,"href":"https:\/\/www.enteratever.com\/2023\/wp-json\/wp\/v2\/categories?post=208708"},{"taxonomy":"post_tag","embeddable":true,"href":"https:\/\/www.enteratever.com\/2023\/wp-json\/wp\/v2\/tags?post=208708"}],"curies":[{"name":"wp","href":"https:\/\/api.w.org\/{rel}","templated":true}]}}