{"id":208600,"date":"2024-04-19T18:38:57","date_gmt":"2024-04-20T00:38:57","guid":{"rendered":"https:\/\/www.enteratever.com\/2023\/?p=208600"},"modified":"2024-04-19T18:38:57","modified_gmt":"2024-04-20T00:38:57","slug":"conmemoran-el-dia-del-indio-panamericano","status":"publish","type":"post","link":"https:\/\/www.enteratever.com\/2023\/2024\/04\/19\/conmemoran-el-dia-del-indio-panamericano\/","title":{"rendered":"Conmemoran el D\u00eda del indio panamericano"},"content":{"rendered":"<p>Visitas: 8<\/p><p>Dos conmemoraciones se llevaron a cabo durante este d\u00eda en las instalaciones del parque tem\u00e1tico Takilhsukut de Papantla el D\u00eda Internacional del Indio Panamericano y los 60 a\u00f1os del Sistema de Educaci\u00f3n Ind\u00edgena en Veracruz .<\/p>\n<p>En dicha conmemoraci\u00f3n maestros y representantes de pueblos originarios de las regiones Olmeca, Huasteca Alta, Huasteca Baja, Altas Monta\u00f1as, Papaloapan y Totonacapan asistieron al evento.<\/p>\n<p><img loading=\"lazy\" decoding=\"async\" src=\"https:\/\/enteratever.com\/2023\/wp-content\/uploads\/2024\/04\/WhatsApp-Image-2024-04-19-at-7.21.28-PM.jpeg\" alt=\"\" width=\"720\" height=\"480\" class=\"aligncenter size-full wp-image-208601\" srcset=\"https:\/\/www.enteratever.com\/2023\/wp-content\/uploads\/2024\/04\/WhatsApp-Image-2024-04-19-at-7.21.28-PM.jpeg 720w, https:\/\/www.enteratever.com\/2023\/wp-content\/uploads\/2024\/04\/WhatsApp-Image-2024-04-19-at-7.21.28-PM-300x200.jpeg 300w, https:\/\/www.enteratever.com\/2023\/wp-content\/uploads\/2024\/04\/WhatsApp-Image-2024-04-19-at-7.21.28-PM-150x100.jpeg 150w, https:\/\/www.enteratever.com\/2023\/wp-content\/uploads\/2024\/04\/WhatsApp-Image-2024-04-19-at-7.21.28-PM-696x464.jpeg 696w, https:\/\/www.enteratever.com\/2023\/wp-content\/uploads\/2024\/04\/WhatsApp-Image-2024-04-19-at-7.21.28-PM-630x420.jpeg 630w\" sizes=\"auto, (max-width: 720px) 100vw, 720px\" \/><\/p>\n<p>Entre los invitados estuvieron presentes el tata Gerardo Cruz Espinosa; El director de la Academia Veracruzana de las Lenguas Ind\u00edgenas, Mtro. Eleuterio Olarte Tiburcio; Y el director de Educaci\u00f3n Ind\u00edgena en el Estado, Francisco Javier Mina Joaqu\u00edn.<\/p>\n<p>Adem\u00e1s de que se  reconoci\u00f3 el avance en materia educativa y los retos de los pueblos originarios ante la globalizaci\u00f3n y la protecci\u00f3n de sus derechos.<\/p>\n","protected":false},"excerpt":{"rendered":"<p>Visitas: 8Dos conmemoraciones se llevaron a cabo durante este d\u00eda en las instalaciones del parque tem\u00e1tico Takilhsukut de Papantla el D\u00eda Internacional del Indio Panamericano y los 60 a\u00f1os del Sistema de Educaci\u00f3n Ind\u00edgena en Veracruz . En dicha conmemoraci\u00f3n maestros y representantes de pueblos originarios de las regiones Olmeca, Huasteca Alta, Huasteca Baja, Altas [&hellip;]<\/p>\n","protected":false},"author":3,"featured_media":208602,"comment_status":"open","ping_status":"open","sticky":false,"template":"","format":"standard","meta":{"footnotes":""},"categories":[215,219],"tags":[],"class_list":{"0":"post-208600","1":"post","2":"type-post","3":"status-publish","4":"format-standard","5":"has-post-thumbnail","7":"category-papantla","8":"category-zona-norte"},"nelio_content":{"isAutoShareEnabled":true,"autoShareEndMode":"never","automationSources":{"useCustomSentences":false,"customSentences":[]},"followers":[],"suggestedReferences":[],"efiUrl":"","efiAlt":"","highlights":[],"permalinkQueryArgs":[],"series":[]},"_links":{"self":[{"href":"https:\/\/www.enteratever.com\/2023\/wp-json\/wp\/v2\/posts\/208600","targetHints":{"allow":["GET"]}}],"collection":[{"href":"https:\/\/www.enteratever.com\/2023\/wp-json\/wp\/v2\/posts"}],"about":[{"href":"https:\/\/www.enteratever.com\/2023\/wp-json\/wp\/v2\/types\/post"}],"author":[{"embeddable":true,"href":"https:\/\/www.enteratever.com\/2023\/wp-json\/wp\/v2\/users\/3"}],"replies":[{"embeddable":true,"href":"https:\/\/www.enteratever.com\/2023\/wp-json\/wp\/v2\/comments?post=208600"}],"version-history":[{"count":1,"href":"https:\/\/www.enteratever.com\/2023\/wp-json\/wp\/v2\/posts\/208600\/revisions"}],"predecessor-version":[{"id":208603,"href":"https:\/\/www.enteratever.com\/2023\/wp-json\/wp\/v2\/posts\/208600\/revisions\/208603"}],"wp:featuredmedia":[{"embeddable":true,"href":"https:\/\/www.enteratever.com\/2023\/wp-json\/wp\/v2\/media\/208602"}],"wp:attachment":[{"href":"https:\/\/www.enteratever.com\/2023\/wp-json\/wp\/v2\/media?parent=208600"}],"wp:term":[{"taxonomy":"category","embeddable":true,"href":"https:\/\/www.enteratever.com\/2023\/wp-json\/wp\/v2\/categories?post=208600"},{"taxonomy":"post_tag","embeddable":true,"href":"https:\/\/www.enteratever.com\/2023\/wp-json\/wp\/v2\/tags?post=208600"}],"curies":[{"name":"wp","href":"https:\/\/api.w.org\/{rel}","templated":true}]}}