{"id":208597,"date":"2024-04-19T15:40:26","date_gmt":"2024-04-19T21:40:26","guid":{"rendered":"https:\/\/www.enteratever.com\/2023\/?p=208597"},"modified":"2024-04-19T15:40:26","modified_gmt":"2024-04-19T21:40:26","slug":"iglesia-catolica-pide-a-fieles-orar-por-el-estado-de-salud-de-obispo-jose-trinidad","status":"publish","type":"post","link":"https:\/\/www.enteratever.com\/2023\/2024\/04\/19\/iglesia-catolica-pide-a-fieles-orar-por-el-estado-de-salud-de-obispo-jose-trinidad\/","title":{"rendered":"Iglesia Cat\u00f3lica pide a fieles orar por el estado de salud de Obispo Jos\u00e9 Trinidad"},"content":{"rendered":"<p>Visitas: 19<\/p><p>El p\u00e1rroco Lorenzo Rivas Fuentes, vocero de la Di\u00f3cesis de Papantla confirm\u00f3 el que el obispo Jos\u00e9 Trinidad Zapata Ortiz se encuentra internado en una cl\u00ednica en el municipio de Teziutl\u00e1n Puebla debido a un problema gastrointestinal, por lo que actualmente se encuentra en revisi\u00f3n.<\/p>\n<p>En entrevista manifest\u00f3 que el obispo se mantendr\u00e1 internado unos d\u00edas para que se le puedan practicar algunos estudios que le permita tener el tratamiento adecuado y de esta forma pueda regresar a sus funciones, como es la ordenaci\u00f3n sacerdotal que se tiene contemplada para los siguientes d\u00edas.<\/p>\n<p>Zapata Ortiz se\u00f1al\u00f3 que desde el pasado mi\u00e9rcoles 17 de abril fue hospitalizado en una cl\u00ednica, en donde le est\u00e1n brindando atenci\u00f3n m\u00e9dica, por lo que pidi\u00f3 a la ciudadan\u00eda a que en sus oraciones mantengan la salud del obispo.<\/p>\n<p>Indic\u00f3 que en d\u00edas pasados tuvo una conversaci\u00f3n con el obispo en donde destac\u00f3 que est\u00e1 llevando un tratamiento para atender su problema de salud, por lo que pidi\u00f3 que les dijera a los fieles cat\u00f3licos orar por \u00e9l y mantenerlo en sus oraciones.<\/p>\n","protected":false},"excerpt":{"rendered":"<p>Visitas: 19El p\u00e1rroco Lorenzo Rivas Fuentes, vocero de la Di\u00f3cesis de Papantla confirm\u00f3 el que el obispo Jos\u00e9 Trinidad Zapata Ortiz se encuentra internado en una cl\u00ednica en el municipio de Teziutl\u00e1n Puebla debido a un problema gastrointestinal, por lo que actualmente se encuentra en revisi\u00f3n. En entrevista manifest\u00f3 que el obispo se mantendr\u00e1 internado [&hellip;]<\/p>\n","protected":false},"author":4,"featured_media":208598,"comment_status":"open","ping_status":"open","sticky":false,"template":"","format":"standard","meta":{"footnotes":""},"categories":[215,219],"tags":[41],"class_list":{"0":"post-208597","1":"post","2":"type-post","3":"status-publish","4":"format-standard","5":"has-post-thumbnail","7":"category-papantla","8":"category-zona-norte","9":"tag-portada"},"nelio_content":{"isAutoShareEnabled":true,"autoShareEndMode":"never","automationSources":{"useCustomSentences":false,"customSentences":[]},"followers":[],"suggestedReferences":[],"efiUrl":"","efiAlt":"","highlights":[],"permalinkQueryArgs":[],"series":[]},"_links":{"self":[{"href":"https:\/\/www.enteratever.com\/2023\/wp-json\/wp\/v2\/posts\/208597","targetHints":{"allow":["GET"]}}],"collection":[{"href":"https:\/\/www.enteratever.com\/2023\/wp-json\/wp\/v2\/posts"}],"about":[{"href":"https:\/\/www.enteratever.com\/2023\/wp-json\/wp\/v2\/types\/post"}],"author":[{"embeddable":true,"href":"https:\/\/www.enteratever.com\/2023\/wp-json\/wp\/v2\/users\/4"}],"replies":[{"embeddable":true,"href":"https:\/\/www.enteratever.com\/2023\/wp-json\/wp\/v2\/comments?post=208597"}],"version-history":[{"count":1,"href":"https:\/\/www.enteratever.com\/2023\/wp-json\/wp\/v2\/posts\/208597\/revisions"}],"predecessor-version":[{"id":208599,"href":"https:\/\/www.enteratever.com\/2023\/wp-json\/wp\/v2\/posts\/208597\/revisions\/208599"}],"wp:featuredmedia":[{"embeddable":true,"href":"https:\/\/www.enteratever.com\/2023\/wp-json\/wp\/v2\/media\/208598"}],"wp:attachment":[{"href":"https:\/\/www.enteratever.com\/2023\/wp-json\/wp\/v2\/media?parent=208597"}],"wp:term":[{"taxonomy":"category","embeddable":true,"href":"https:\/\/www.enteratever.com\/2023\/wp-json\/wp\/v2\/categories?post=208597"},{"taxonomy":"post_tag","embeddable":true,"href":"https:\/\/www.enteratever.com\/2023\/wp-json\/wp\/v2\/tags?post=208597"}],"curies":[{"name":"wp","href":"https:\/\/api.w.org\/{rel}","templated":true}]}}