{"id":208486,"date":"2024-04-17T10:28:36","date_gmt":"2024-04-17T16:28:36","guid":{"rendered":"https:\/\/www.enteratever.com\/2023\/?p=208486"},"modified":"2024-04-17T10:28:36","modified_gmt":"2024-04-17T16:28:36","slug":"becas-y-capacitacion-para-profesionalizacion-al-magisterio-anuncia-rocio-nahle","status":"publish","type":"post","link":"https:\/\/www.enteratever.com\/2023\/2024\/04\/17\/becas-y-capacitacion-para-profesionalizacion-al-magisterio-anuncia-rocio-nahle\/","title":{"rendered":"Becas y capacitaci\u00f3n para profesionalizaci\u00f3n al magisterio anuncia Roc\u00edo Nahle"},"content":{"rendered":"<p>Visitas: 11<\/p><p>\u2022Presenta su compromiso 41 en la tierra del Cristo Negro.<\/p>\n<p>\u2022El magisterio merece respeto, apoyo y profesionalizaci\u00f3n. <\/p>\n<p>Otatitl\u00e1n, Ver.- Los maestros forman a las nuevas generaciones y la escuela es nuestra segunda casa, por eso al magisterio hay que apoyarlo con becas y capacitaci\u00f3n para profesionalizar la ense\u00f1anza desde el nivel b\u00e1sico y mitigar el rezago educativo, afirm\u00f3 la candidata a la gubernatura de Morena, PT, Partido Verde y Fuerza por M\u00e9xico en Veracruz, Roc\u00edo Nahle Garc\u00eda.<\/p>\n<p>Al presentar su compromiso 41, dirigido a la profesionalizaci\u00f3n de las maestras y maestros, explic\u00f3 que con las becas y estrategias bien definidas, se combatir\u00e1 el rezago y analfabetismo. <\/p>\n<p>Hoy, Roc\u00edo Nahle lleg\u00f3 al municipio 148 recorrido en esta campa\u00f1a, en este marco refiri\u00f3 que sin educaci\u00f3n no hay transformaci\u00f3n, es por ello que el tema de educaci\u00f3n es prioritario para su plan de gobierno. <\/p>\n<p>\u201cLos maestros de educaci\u00f3n b\u00e1sica, ellos necesitan estar en constante capacitaci\u00f3n, en constante capacitaci\u00f3n, y yo me puse de acuerdo con el magisterio y le dije si, pero cuesta la capacitaci\u00f3n, a los maestros les cuesta, vamos a darles becas a los maestros para su capacitaci\u00f3n es que eso se va a ver reflejado en las aulas y en la educaci\u00f3n de todos nuestros ni\u00f1os y j\u00f3venes de Veracruz, eso es un hecho y eso est\u00e1 en uno de los puntos de los que yo me comprometo\u201d, asegur\u00f3. <\/p>\n<p>Como parte de las acciones para erradicar el analfabetismo y rezago educativo, agreg\u00f3, se acord\u00f3 con el magisterio crear n\u00facleos de ense\u00f1anza para que quienes por alguna circunstancia no estudiaron o no concluyeron sus estudios. <\/p>\n<p>En coordinaci\u00f3n con la federaci\u00f3n tambi\u00e9n se  fortalecer\u00e1 el programa federal \u201cLa Escuela es Nuestra\u201d para rehabilitar y ampliar los m\u00e1s de 23 mil planteles educativos con los que cuenta la entidad veracruzana.<\/p>\n","protected":false},"excerpt":{"rendered":"<p>Visitas: 11\u2022Presenta su compromiso 41 en la tierra del Cristo Negro. \u2022El magisterio merece respeto, apoyo y profesionalizaci\u00f3n. Otatitl\u00e1n, Ver.- Los maestros forman a las nuevas generaciones y la escuela es nuestra segunda casa, por eso al magisterio hay que apoyarlo con becas y capacitaci\u00f3n para profesionalizar la ense\u00f1anza desde el nivel b\u00e1sico y mitigar [&hellip;]<\/p>\n","protected":false},"author":2,"featured_media":208489,"comment_status":"open","ping_status":"open","sticky":false,"template":"","format":"standard","meta":{"footnotes":""},"categories":[237,236],"tags":[41],"class_list":{"0":"post-208486","1":"post","2":"type-post","3":"status-publish","4":"format-standard","5":"has-post-thumbnail","7":"category-xalapa","8":"category-zona-centro","9":"tag-portada"},"nelio_content":{"isAutoShareEnabled":true,"autoShareEndMode":"never","automationSources":{"useCustomSentences":false,"customSentences":[]},"followers":[],"suggestedReferences":[],"efiUrl":"","efiAlt":"","highlights":[],"permalinkQueryArgs":[],"series":[]},"_links":{"self":[{"href":"https:\/\/www.enteratever.com\/2023\/wp-json\/wp\/v2\/posts\/208486","targetHints":{"allow":["GET"]}}],"collection":[{"href":"https:\/\/www.enteratever.com\/2023\/wp-json\/wp\/v2\/posts"}],"about":[{"href":"https:\/\/www.enteratever.com\/2023\/wp-json\/wp\/v2\/types\/post"}],"author":[{"embeddable":true,"href":"https:\/\/www.enteratever.com\/2023\/wp-json\/wp\/v2\/users\/2"}],"replies":[{"embeddable":true,"href":"https:\/\/www.enteratever.com\/2023\/wp-json\/wp\/v2\/comments?post=208486"}],"version-history":[{"count":1,"href":"https:\/\/www.enteratever.com\/2023\/wp-json\/wp\/v2\/posts\/208486\/revisions"}],"predecessor-version":[{"id":208491,"href":"https:\/\/www.enteratever.com\/2023\/wp-json\/wp\/v2\/posts\/208486\/revisions\/208491"}],"wp:featuredmedia":[{"embeddable":true,"href":"https:\/\/www.enteratever.com\/2023\/wp-json\/wp\/v2\/media\/208489"}],"wp:attachment":[{"href":"https:\/\/www.enteratever.com\/2023\/wp-json\/wp\/v2\/media?parent=208486"}],"wp:term":[{"taxonomy":"category","embeddable":true,"href":"https:\/\/www.enteratever.com\/2023\/wp-json\/wp\/v2\/categories?post=208486"},{"taxonomy":"post_tag","embeddable":true,"href":"https:\/\/www.enteratever.com\/2023\/wp-json\/wp\/v2\/tags?post=208486"}],"curies":[{"name":"wp","href":"https:\/\/api.w.org\/{rel}","templated":true}]}}