{"id":208383,"date":"2024-04-16T10:02:18","date_gmt":"2024-04-16T16:02:18","guid":{"rendered":"https:\/\/www.enteratever.com\/2023\/?p=208383"},"modified":"2024-04-16T10:02:18","modified_gmt":"2024-04-16T16:02:18","slug":"invita-secver-al-curso-virtual-vertientes-del-son-jarocho","status":"publish","type":"post","link":"https:\/\/www.enteratever.com\/2023\/2024\/04\/16\/invita-secver-al-curso-virtual-vertientes-del-son-jarocho\/","title":{"rendered":"Invita SECVER al curso virtual \u201cVertientes del son jarocho\u201d"},"content":{"rendered":"<p>Visitas: 1<\/p><p>La Secretar\u00eda de Cultura de Veracruz realizar\u00e1 la cuarta edici\u00f3n del curso abierto en l\u00ednea Vertientes del son jarocho, propuesta con el objetivo de dar a conocer el  desarrollo hist\u00f3rico del son jarocho. El curso tiene una duraci\u00f3n de 40 horas y se realizar\u00e1 del 10 de mayo al 23 de junio de 2024, a trav\u00e9s de la Plataforma Digital de Formaci\u00f3n SECVER. Es gratuito y est\u00e1 dirigido a todo p\u00fablico interesado en el tema.<\/p>\n<p>Vertientes del son jarocho consta de cuatro m\u00f3dulos: desarrollo hist\u00f3rico; la m\u00fasica; los sones; y personajes y agrupaciones. La din\u00e1mica de trabajo involucra el aprendizaje de manera autodidacta y la asistencia a sesiones virtuales, donde las y los interesados podr\u00e1n identificar las diferentes vertientes del son que existen en la actualidad, as\u00ed como los elementos musicales, l\u00edricos y danzarios que caracterizan a este g\u00e9nero musical.<\/p>\n<p>Los contenidos del curso y las actividades de evaluaci\u00f3n se realizar\u00e1n a trav\u00e9s de la Plataforma Digital de Formaci\u00f3n SECVER.  Este espacio constituye una herramienta que permite elevar el nivel de eficiencia de las funciones profesionales y en diferentes \u00e1mbitos de competencia y desarrollo de las y los agentes responsables de la cultura y las artes en el estado de Veracruz, as\u00ed como del p\u00fablico en general.<\/p>\n<p>Las sesiones virtuales tendr\u00e1n lugar a trav\u00e9s de la plataforma de videoconferencias Zoom, guiadas por Rafael Figueroa Hern\u00e1ndez, licenciado en Sociolog\u00eda, maestro en Estudios Latinoamericanos por la Universidad Nacional Aut\u00f3noma de M\u00e9xico y doctor en Historia y Estudios Regionales por la Universidad Veracruzana; as\u00ed como por Ernesto Luna, core\u00f3grafo, gestor cultural, bailar\u00edn y acad\u00e9mico, experto conocedor del tema, quien platicar\u00e1 sobre las tendencias contempor\u00e1neas del baile jarocho.<\/p>\n<p>El periodo de inscripci\u00f3n para Vertientes del Son Jarocho ser\u00e1 del 15 de abril al 1 de mayo de 2024; las personas interesadas en participar pueden realizar su registro en la plataforma www.formacionsecver.org.mx o a trav\u00e9s del enlace https:\/\/bit.ly\/VSJ_2024. Para consultar m\u00e1s informaci\u00f3n sobre esta y todas las actividades de la Secretar\u00eda de Cultura de Veracruz, visita el sitio web www.culturaveracruz.gob.mx y las redes oficiales @SECVERoficial.<\/p>\n","protected":false},"excerpt":{"rendered":"<p>Visitas: 1La Secretar\u00eda de Cultura de Veracruz realizar\u00e1 la cuarta edici\u00f3n del curso abierto en l\u00ednea Vertientes del son jarocho, propuesta con el objetivo de dar a conocer el desarrollo hist\u00f3rico del son jarocho. El curso tiene una duraci\u00f3n de 40 horas y se realizar\u00e1 del 10 de mayo al 23 de junio de 2024, [&hellip;]<\/p>\n","protected":false},"author":2,"featured_media":208386,"comment_status":"open","ping_status":"open","sticky":false,"template":"","format":"standard","meta":{"footnotes":""},"categories":[237,236],"tags":[],"class_list":{"0":"post-208383","1":"post","2":"type-post","3":"status-publish","4":"format-standard","5":"has-post-thumbnail","7":"category-xalapa","8":"category-zona-centro"},"nelio_content":{"isAutoShareEnabled":true,"autoShareEndMode":"never","automationSources":{"useCustomSentences":false,"customSentences":[]},"followers":[],"suggestedReferences":[],"efiUrl":"","efiAlt":"","highlights":[],"permalinkQueryArgs":[],"series":[]},"_links":{"self":[{"href":"https:\/\/www.enteratever.com\/2023\/wp-json\/wp\/v2\/posts\/208383","targetHints":{"allow":["GET"]}}],"collection":[{"href":"https:\/\/www.enteratever.com\/2023\/wp-json\/wp\/v2\/posts"}],"about":[{"href":"https:\/\/www.enteratever.com\/2023\/wp-json\/wp\/v2\/types\/post"}],"author":[{"embeddable":true,"href":"https:\/\/www.enteratever.com\/2023\/wp-json\/wp\/v2\/users\/2"}],"replies":[{"embeddable":true,"href":"https:\/\/www.enteratever.com\/2023\/wp-json\/wp\/v2\/comments?post=208383"}],"version-history":[{"count":1,"href":"https:\/\/www.enteratever.com\/2023\/wp-json\/wp\/v2\/posts\/208383\/revisions"}],"predecessor-version":[{"id":208390,"href":"https:\/\/www.enteratever.com\/2023\/wp-json\/wp\/v2\/posts\/208383\/revisions\/208390"}],"wp:featuredmedia":[{"embeddable":true,"href":"https:\/\/www.enteratever.com\/2023\/wp-json\/wp\/v2\/media\/208386"}],"wp:attachment":[{"href":"https:\/\/www.enteratever.com\/2023\/wp-json\/wp\/v2\/media?parent=208383"}],"wp:term":[{"taxonomy":"category","embeddable":true,"href":"https:\/\/www.enteratever.com\/2023\/wp-json\/wp\/v2\/categories?post=208383"},{"taxonomy":"post_tag","embeddable":true,"href":"https:\/\/www.enteratever.com\/2023\/wp-json\/wp\/v2\/tags?post=208383"}],"curies":[{"name":"wp","href":"https:\/\/api.w.org\/{rel}","templated":true}]}}