{"id":208382,"date":"2024-04-16T10:02:10","date_gmt":"2024-04-16T16:02:10","guid":{"rendered":"https:\/\/www.enteratever.com\/2023\/?p=208382"},"modified":"2024-04-16T10:02:22","modified_gmt":"2024-04-16T16:02:22","slug":"impartira-secver-ciclo-formativo-para-promotores-de-lectura","status":"publish","type":"post","link":"https:\/\/www.enteratever.com\/2023\/2024\/04\/16\/impartira-secver-ciclo-formativo-para-promotores-de-lectura\/","title":{"rendered":"Impartir\u00e1 SECVER ciclo formativo para promotores de lectura"},"content":{"rendered":"<p>Visitas: 1<\/p><p>La Secretar\u00eda de Cultura de Veracruz invita a participar en el ciclo de conferencias Letras aparte, formaci\u00f3n b\u00e1sica en promoci\u00f3n de lectura, que realiza como parte de sus actividades en conmemoraci\u00f3n del D\u00eda Mundial del Libro y el Derecho de Autor 2024. Los di\u00e1logos se llevar\u00e1n a cabo en modalidad virtual los pr\u00f3ximos 17, 19, 24 y 26 de abril, de 17:00 a 19:00 horas, a trav\u00e9s de la plataforma Zoom.<\/p>\n<p>Letras aparte est\u00e1 dirigido a aquellas personas que desean desarrollar o est\u00e9n conduciendo proyectos de promoci\u00f3n y fomento a la lectura en el estado de Veracruz. Busca coadyuvar a la profesionalizaci\u00f3n de las y los participantes, propiciando el mejoramiento de su quehacer y brind\u00e1ndoles herramientas para realizar su labor con m\u00e1s satisfacci\u00f3n y confianza.<\/p>\n<p>Las conferencias ser\u00e1n impartidas por Agust\u00edn Guerola, jefe de la Oficina de Fomento a la Lectura de la SECVER. Podr\u00e1n participar en este ciclo formativo personas mayores de 18 a\u00f1os con educaci\u00f3n b\u00e1sica terminada que tengan inter\u00e9s en la lectura y la charla literaria como elementos de desarrollo humano y social, que quieran mejorar su propio perfil lector o gusten incorporarse al Programa Nacional Salas de Lectura en el estado.<\/p>\n<p>La formaci\u00f3n tiene una duraci\u00f3n de 8 horas efectivas y cuenta con actividades complementarias para la preparaci\u00f3n b\u00e1sica en el campo del fomento a la lectura. Se abordar\u00e1n temas relacionados con el entendimiento lector, la selecci\u00f3n del acervo, los grupos de lectura y la importancia de la oralidad y la palabra escrita en las salas de lectura.<\/p>\n<p>Las personas interesadas en participar en el ciclo Letras aparte, formaci\u00f3n b\u00e1sica en promoci\u00f3n de lectura podr\u00e1n ingresar a las sesiones a trav\u00e9s de la siguiente liga, v\u00e1lida para todas las conferencias: https:\/\/bit.ly\/LetrasA24. Todas las sesiones son gratuitas.<\/p>\n<p>Invitamos a consultar todas las actividades que la SECVER propone en torno al libro y la lectura en su p\u00e1gina web oficial: www.culturaveracruz.gob.mx y las redes sociales @SECVERoficial, @SECVERferias y @FomentoALaLecturaSECVER.<\/p>\n","protected":false},"excerpt":{"rendered":"<p>Visitas: 1La Secretar\u00eda de Cultura de Veracruz invita a participar en el ciclo de conferencias Letras aparte, formaci\u00f3n b\u00e1sica en promoci\u00f3n de lectura, que realiza como parte de sus actividades en conmemoraci\u00f3n del D\u00eda Mundial del Libro y el Derecho de Autor 2024. Los di\u00e1logos se llevar\u00e1n a cabo en modalidad virtual los pr\u00f3ximos 17, [&hellip;]<\/p>\n","protected":false},"author":2,"featured_media":208387,"comment_status":"open","ping_status":"open","sticky":false,"template":"","format":"standard","meta":{"footnotes":""},"categories":[237,236],"tags":[],"class_list":{"0":"post-208382","1":"post","2":"type-post","3":"status-publish","4":"format-standard","5":"has-post-thumbnail","7":"category-xalapa","8":"category-zona-centro"},"nelio_content":{"isAutoShareEnabled":true,"autoShareEndMode":"never","automationSources":{"useCustomSentences":false,"customSentences":[]},"followers":[],"suggestedReferences":[],"efiUrl":"","efiAlt":"","highlights":[],"permalinkQueryArgs":[],"series":[]},"_links":{"self":[{"href":"https:\/\/www.enteratever.com\/2023\/wp-json\/wp\/v2\/posts\/208382","targetHints":{"allow":["GET"]}}],"collection":[{"href":"https:\/\/www.enteratever.com\/2023\/wp-json\/wp\/v2\/posts"}],"about":[{"href":"https:\/\/www.enteratever.com\/2023\/wp-json\/wp\/v2\/types\/post"}],"author":[{"embeddable":true,"href":"https:\/\/www.enteratever.com\/2023\/wp-json\/wp\/v2\/users\/2"}],"replies":[{"embeddable":true,"href":"https:\/\/www.enteratever.com\/2023\/wp-json\/wp\/v2\/comments?post=208382"}],"version-history":[{"count":1,"href":"https:\/\/www.enteratever.com\/2023\/wp-json\/wp\/v2\/posts\/208382\/revisions"}],"predecessor-version":[{"id":208388,"href":"https:\/\/www.enteratever.com\/2023\/wp-json\/wp\/v2\/posts\/208382\/revisions\/208388"}],"wp:featuredmedia":[{"embeddable":true,"href":"https:\/\/www.enteratever.com\/2023\/wp-json\/wp\/v2\/media\/208387"}],"wp:attachment":[{"href":"https:\/\/www.enteratever.com\/2023\/wp-json\/wp\/v2\/media?parent=208382"}],"wp:term":[{"taxonomy":"category","embeddable":true,"href":"https:\/\/www.enteratever.com\/2023\/wp-json\/wp\/v2\/categories?post=208382"},{"taxonomy":"post_tag","embeddable":true,"href":"https:\/\/www.enteratever.com\/2023\/wp-json\/wp\/v2\/tags?post=208382"}],"curies":[{"name":"wp","href":"https:\/\/api.w.org\/{rel}","templated":true}]}}