{"id":208215,"date":"2024-04-11T12:49:03","date_gmt":"2024-04-11T18:49:03","guid":{"rendered":"https:\/\/www.enteratever.com\/2023\/?p=208215"},"modified":"2024-04-11T12:49:03","modified_gmt":"2024-04-11T18:49:03","slug":"conmemoran-ninos-dia-mundial-de-la-salud-con-platica-informativa","status":"publish","type":"post","link":"https:\/\/www.enteratever.com\/2023\/2024\/04\/11\/conmemoran-ninos-dia-mundial-de-la-salud-con-platica-informativa\/","title":{"rendered":"Conmemoran ni\u00f1os D\u00eda Mundial de la Salud con pl\u00e1tica informativa"},"content":{"rendered":"<p>Visitas: 0<\/p><p>Ni\u00f1os y ni\u00f1as de Coatzacoalcos participaron en la pl\u00e1tica informativa \u2018Mi salud, mi derecho\u2019 que se ofreci\u00f3 en el Centro de Educaci\u00f3n Ambiental y Protecci\u00f3n Civil Quetzalli, en el marco del D\u00eda Mundial de la Salud que se conmemora cada 7 de abril.<\/p>\n<p>La actividad fue promovida por el Gobierno Municipal a trav\u00e9s de personal especializado en nutrici\u00f3n de la Regidur\u00eda Segunda, quien les brind\u00f3 temas sobre los h\u00e1bitos alimenticios, el plato del bien comer, as\u00ed como de consumo de frutas y verduras de temporada.<\/p>\n<p>La finalidad fue que los peque\u00f1os del hogar reconocieran la importancia de cuidarse f\u00edsica, mental y socialmente para llevar una vida saludable y plena, adem\u00e1s de hacer conciencia sobre el derecho de todo ser humano a tener acceso servicios sanitarios, educaci\u00f3n e informaci\u00f3n.<\/p>\n<p>Durante la exposici\u00f3n, los infantes que acudieron, con edades de entre 7 a 12 a\u00f1os, aprendieron a identificar los sellos en el etiquetado de productos sobre el exceso de nutrientes que contribuyen al sobrepeso y la obesidad.<\/p>\n<p>Tambi\u00e9n, conocieron las pr\u00e1cticas de higiene al ingerir los alimentos; el consumo de agua natural evitando jugos industrializados y bebidas azucaradas y se abordaron temas sobre el consumo de carbohidratos y cu\u00e1les son las fuentes de energ\u00eda que el cuerpo necesita diariamente.<\/p>\n<p>Para hacer m\u00e1s din\u00e1mica la ense\u00f1anza, los especialistas proyectaron un video referente al D\u00eda Mundial de la Salud, entregaron tr\u00edpticos informativos y realizaron actividades recreativas para la identificaci\u00f3n de los alimentos saludables.<\/p>\n<p>Cabe hacer menci\u00f3n que el pr\u00f3ximo viernes 12 de abril, el \u00e1rea de nutrici\u00f3n tambi\u00e9n ofrecer\u00e1 pl\u00e1ticas de alimentaci\u00f3n saludable a maestras y maestros de la primaria Ni\u00f1os H\u00e9roes de Chapultepec, con la finalidad de seguir fomentando pr\u00e1cticas saludables.<\/p>\n","protected":false},"excerpt":{"rendered":"<p>Visitas: 0Ni\u00f1os y ni\u00f1as de Coatzacoalcos participaron en la pl\u00e1tica informativa \u2018Mi salud, mi derecho\u2019 que se ofreci\u00f3 en el Centro de Educaci\u00f3n Ambiental y Protecci\u00f3n Civil Quetzalli, en el marco del D\u00eda Mundial de la Salud que se conmemora cada 7 de abril. La actividad fue promovida por el Gobierno Municipal a trav\u00e9s de [&hellip;]<\/p>\n","protected":false},"author":2,"featured_media":208217,"comment_status":"open","ping_status":"open","sticky":false,"template":"","format":"standard","meta":{"footnotes":""},"categories":[242,241],"tags":[],"class_list":{"0":"post-208215","1":"post","2":"type-post","3":"status-publish","4":"format-standard","5":"has-post-thumbnail","7":"category-coatzacoalcos","8":"category-zona-sur"},"nelio_content":{"isAutoShareEnabled":true,"autoShareEndMode":"never","automationSources":{"useCustomSentences":false,"customSentences":[]},"followers":[],"suggestedReferences":[],"efiUrl":"","efiAlt":"","highlights":[],"permalinkQueryArgs":[],"series":[]},"_links":{"self":[{"href":"https:\/\/www.enteratever.com\/2023\/wp-json\/wp\/v2\/posts\/208215","targetHints":{"allow":["GET"]}}],"collection":[{"href":"https:\/\/www.enteratever.com\/2023\/wp-json\/wp\/v2\/posts"}],"about":[{"href":"https:\/\/www.enteratever.com\/2023\/wp-json\/wp\/v2\/types\/post"}],"author":[{"embeddable":true,"href":"https:\/\/www.enteratever.com\/2023\/wp-json\/wp\/v2\/users\/2"}],"replies":[{"embeddable":true,"href":"https:\/\/www.enteratever.com\/2023\/wp-json\/wp\/v2\/comments?post=208215"}],"version-history":[{"count":1,"href":"https:\/\/www.enteratever.com\/2023\/wp-json\/wp\/v2\/posts\/208215\/revisions"}],"predecessor-version":[{"id":208220,"href":"https:\/\/www.enteratever.com\/2023\/wp-json\/wp\/v2\/posts\/208215\/revisions\/208220"}],"wp:featuredmedia":[{"embeddable":true,"href":"https:\/\/www.enteratever.com\/2023\/wp-json\/wp\/v2\/media\/208217"}],"wp:attachment":[{"href":"https:\/\/www.enteratever.com\/2023\/wp-json\/wp\/v2\/media?parent=208215"}],"wp:term":[{"taxonomy":"category","embeddable":true,"href":"https:\/\/www.enteratever.com\/2023\/wp-json\/wp\/v2\/categories?post=208215"},{"taxonomy":"post_tag","embeddable":true,"href":"https:\/\/www.enteratever.com\/2023\/wp-json\/wp\/v2\/tags?post=208215"}],"curies":[{"name":"wp","href":"https:\/\/api.w.org\/{rel}","templated":true}]}}