{"id":208182,"date":"2024-04-10T18:25:30","date_gmt":"2024-04-11T00:25:30","guid":{"rendered":"https:\/\/www.enteratever.com\/2023\/?p=208182"},"modified":"2024-04-10T18:25:30","modified_gmt":"2024-04-11T00:25:30","slug":"se-alista-eleccion-de-reyes-del-carnaval-de-papantla-2024","status":"publish","type":"post","link":"https:\/\/www.enteratever.com\/2023\/2024\/04\/10\/se-alista-eleccion-de-reyes-del-carnaval-de-papantla-2024\/","title":{"rendered":"Se alista elecci\u00f3n de reyes del carnaval de Papantla 2024"},"content":{"rendered":"<p>Visitas: 12<\/p><p>Papantla, Ver.- El pr\u00f3ximo domingo catorce de abril los papantecos conocer\u00e1n a los soberanos del Carnaval de la Alegr\u00eda en evento a realizarse en la explanada de palacio municipal y donde se efectuar\u00e1 la final.<\/p>\n<p>Los participantes en busca de tal honor son, en la categor\u00eda infantil: Marcelo Uriel y Elitte Bethsab\u00e9.<\/p>\n<p>En la rama juvenil los registrados son: Daniel Garc\u00eda Rosales, Diana Laura Delgado P\u00e9rez, Jes\u00fas Gael Garc\u00eda Olarte y Diana Ruby Garc\u00eda Hern\u00e1ndez.<br \/>\nEn la categor\u00eda adulta participan: N\u00e9stor Hidalgo Morales y Luis Fernando Garc\u00eda Santes.<\/p>\n<p>En tanto que por la representaci\u00f3n LGBT+ los participantes son: Jos\u00e9 Mauro Cabrera Hern\u00e1ndez y Karina Vanessa Guti\u00e9rrez Gonz\u00e1lez.<\/p>\n<p>De aqu\u00ed saldr\u00e1n los elegidos que en ese mismo evento ser\u00e1n coronados, as\u00ed que la invitaci\u00f3n es para todo el p\u00fablico a fin de que acudan y apoyen a su favorito.<\/p>\n","protected":false},"excerpt":{"rendered":"<p>Visitas: 12Papantla, Ver.- El pr\u00f3ximo domingo catorce de abril los papantecos conocer\u00e1n a los soberanos del Carnaval de la Alegr\u00eda en evento a realizarse en la explanada de palacio municipal y donde se efectuar\u00e1 la final. Los participantes en busca de tal honor son, en la categor\u00eda infantil: Marcelo Uriel y Elitte Bethsab\u00e9. En la [&hellip;]<\/p>\n","protected":false},"author":3,"featured_media":208189,"comment_status":"open","ping_status":"open","sticky":false,"template":"","format":"standard","meta":{"footnotes":""},"categories":[215,219],"tags":[],"class_list":{"0":"post-208182","1":"post","2":"type-post","3":"status-publish","4":"format-standard","5":"has-post-thumbnail","7":"category-papantla","8":"category-zona-norte"},"nelio_content":{"isAutoShareEnabled":true,"autoShareEndMode":"never","automationSources":{"useCustomSentences":false,"customSentences":[]},"followers":[],"suggestedReferences":[],"efiUrl":"","efiAlt":"","highlights":[],"permalinkQueryArgs":[],"series":[]},"_links":{"self":[{"href":"https:\/\/www.enteratever.com\/2023\/wp-json\/wp\/v2\/posts\/208182","targetHints":{"allow":["GET"]}}],"collection":[{"href":"https:\/\/www.enteratever.com\/2023\/wp-json\/wp\/v2\/posts"}],"about":[{"href":"https:\/\/www.enteratever.com\/2023\/wp-json\/wp\/v2\/types\/post"}],"author":[{"embeddable":true,"href":"https:\/\/www.enteratever.com\/2023\/wp-json\/wp\/v2\/users\/3"}],"replies":[{"embeddable":true,"href":"https:\/\/www.enteratever.com\/2023\/wp-json\/wp\/v2\/comments?post=208182"}],"version-history":[{"count":1,"href":"https:\/\/www.enteratever.com\/2023\/wp-json\/wp\/v2\/posts\/208182\/revisions"}],"predecessor-version":[{"id":208194,"href":"https:\/\/www.enteratever.com\/2023\/wp-json\/wp\/v2\/posts\/208182\/revisions\/208194"}],"wp:featuredmedia":[{"embeddable":true,"href":"https:\/\/www.enteratever.com\/2023\/wp-json\/wp\/v2\/media\/208189"}],"wp:attachment":[{"href":"https:\/\/www.enteratever.com\/2023\/wp-json\/wp\/v2\/media?parent=208182"}],"wp:term":[{"taxonomy":"category","embeddable":true,"href":"https:\/\/www.enteratever.com\/2023\/wp-json\/wp\/v2\/categories?post=208182"},{"taxonomy":"post_tag","embeddable":true,"href":"https:\/\/www.enteratever.com\/2023\/wp-json\/wp\/v2\/tags?post=208182"}],"curies":[{"name":"wp","href":"https:\/\/api.w.org\/{rel}","templated":true}]}}