{"id":208176,"date":"2024-04-10T15:42:05","date_gmt":"2024-04-10T21:42:05","guid":{"rendered":"https:\/\/www.enteratever.com\/2023\/?p=208176"},"modified":"2024-04-10T15:42:05","modified_gmt":"2024-04-10T21:42:05","slug":"ine-capacita-a-ciudadanos-que-fungiran-como-funcionarios-de-casilla-en-elecciones-del-02-de-junio","status":"publish","type":"post","link":"https:\/\/www.enteratever.com\/2023\/2024\/04\/10\/ine-capacita-a-ciudadanos-que-fungiran-como-funcionarios-de-casilla-en-elecciones-del-02-de-junio\/","title":{"rendered":"INE capacita a ciudadanos que fungir\u00e1n como funcionarios de casilla en elecciones del 02 de junio"},"content":{"rendered":"<p>Visitas: 1<\/p><p>De acuerdo con Everardo Demetrio P\u00e9rez Guti\u00e9rrez, vocal ejecutivo de la 05 junta distrital del Instituto Nacional Electoral (INE), manifest\u00f3 que ya se ha iniciado con el proceso de capacitaci\u00f3n y entrega de nombramientos a las y los ciudadanos que ser\u00e1n funcionarios de casillas durante el proceso electoral del 02 de junio.<\/p>\n<p>En este sentido indic\u00f3 que en este distrito son un total de cinco mil 490 ciudadanos que resultaron designados como funcionarios de mesa de casillas, los cuales jugar\u00e1n un papel importante durante el proceso electoral, por lo que ya se encuentran prepar\u00e1ndose para cumplir con su funci\u00f3n.<\/p>\n<p>P\u00e9rez Guti\u00e9rrez manifest\u00f3 que a pesar de que ya comenz\u00f3 con la capacitaci\u00f3n de aquellos que ser\u00e1n funcionarios de casillas, se tuvieron que enfrentar algunas limitantes por parte de los ciudadanos, esto al demostrar un desinter\u00e9s por participar durante el proceso electoral.<br \/>\n<img loading=\"lazy\" decoding=\"async\" src=\"https:\/\/www.enteratever.com\/2023\/wp-content\/uploads\/2024\/04\/WhatsApp-Image-2024-04-10-at-4.22.33-PM-300x216.jpeg\" alt=\"\" width=\"300\" height=\"216\" class=\"alignnone size-medium wp-image-208177\" srcset=\"https:\/\/www.enteratever.com\/2023\/wp-content\/uploads\/2024\/04\/WhatsApp-Image-2024-04-10-at-4.22.33-PM-300x216.jpeg 300w, https:\/\/www.enteratever.com\/2023\/wp-content\/uploads\/2024\/04\/WhatsApp-Image-2024-04-10-at-4.22.33-PM-1024x737.jpeg 1024w, https:\/\/www.enteratever.com\/2023\/wp-content\/uploads\/2024\/04\/WhatsApp-Image-2024-04-10-at-4.22.33-PM-768x553.jpeg 768w, https:\/\/www.enteratever.com\/2023\/wp-content\/uploads\/2024\/04\/WhatsApp-Image-2024-04-10-at-4.22.33-PM-150x108.jpeg 150w, https:\/\/www.enteratever.com\/2023\/wp-content\/uploads\/2024\/04\/WhatsApp-Image-2024-04-10-at-4.22.33-PM-696x501.jpeg 696w, https:\/\/www.enteratever.com\/2023\/wp-content\/uploads\/2024\/04\/WhatsApp-Image-2024-04-10-at-4.22.33-PM-1068x769.jpeg 1068w, https:\/\/www.enteratever.com\/2023\/wp-content\/uploads\/2024\/04\/WhatsApp-Image-2024-04-10-at-4.22.33-PM-583x420.jpeg 583w, https:\/\/www.enteratever.com\/2023\/wp-content\/uploads\/2024\/04\/WhatsApp-Image-2024-04-10-at-4.22.33-PM.jpeg 1200w\" sizes=\"auto, (max-width: 300px) 100vw, 300px\" \/><\/p>\n<p>Se\u00f1al\u00f3 que tuvieron que implementar algunas estrategias para que las personas aceptaran el poder participar, por lo que hasta el momento ya se cuenta con el n\u00famero de ciudadanos que estar\u00e1n teniendo una participaci\u00f3n, ya que tendr\u00e1n el control.<\/p>\n<p>El vocal ejecutivo mencion\u00f3 que tambi\u00e9n est\u00e1n listos para efectuar las sustituciones en caso de que los ciudadanos no lleguen o no acepten continuar con su funci\u00f3n, asimismo record\u00f3 que en este distrito ser\u00e1n un total de 609 casillas el d\u00eda de la elecci\u00f3n.<\/p>\n","protected":false},"excerpt":{"rendered":"<p>Visitas: 1De acuerdo con Everardo Demetrio P\u00e9rez Guti\u00e9rrez, vocal ejecutivo de la 05 junta distrital del Instituto Nacional Electoral (INE), manifest\u00f3 que ya se ha iniciado con el proceso de capacitaci\u00f3n y entrega de nombramientos a las y los ciudadanos que ser\u00e1n funcionarios de casillas durante el proceso electoral del 02 de junio. En este [&hellip;]<\/p>\n","protected":false},"author":4,"featured_media":208178,"comment_status":"open","ping_status":"open","sticky":false,"template":"","format":"standard","meta":{"footnotes":""},"categories":[215,219],"tags":[41],"class_list":{"0":"post-208176","1":"post","2":"type-post","3":"status-publish","4":"format-standard","5":"has-post-thumbnail","7":"category-papantla","8":"category-zona-norte","9":"tag-portada"},"nelio_content":{"isAutoShareEnabled":true,"autoShareEndMode":"never","automationSources":{"useCustomSentences":false,"customSentences":[]},"followers":[],"suggestedReferences":[],"efiUrl":"","efiAlt":"","highlights":[],"permalinkQueryArgs":[],"series":[]},"_links":{"self":[{"href":"https:\/\/www.enteratever.com\/2023\/wp-json\/wp\/v2\/posts\/208176","targetHints":{"allow":["GET"]}}],"collection":[{"href":"https:\/\/www.enteratever.com\/2023\/wp-json\/wp\/v2\/posts"}],"about":[{"href":"https:\/\/www.enteratever.com\/2023\/wp-json\/wp\/v2\/types\/post"}],"author":[{"embeddable":true,"href":"https:\/\/www.enteratever.com\/2023\/wp-json\/wp\/v2\/users\/4"}],"replies":[{"embeddable":true,"href":"https:\/\/www.enteratever.com\/2023\/wp-json\/wp\/v2\/comments?post=208176"}],"version-history":[{"count":1,"href":"https:\/\/www.enteratever.com\/2023\/wp-json\/wp\/v2\/posts\/208176\/revisions"}],"predecessor-version":[{"id":208179,"href":"https:\/\/www.enteratever.com\/2023\/wp-json\/wp\/v2\/posts\/208176\/revisions\/208179"}],"wp:featuredmedia":[{"embeddable":true,"href":"https:\/\/www.enteratever.com\/2023\/wp-json\/wp\/v2\/media\/208178"}],"wp:attachment":[{"href":"https:\/\/www.enteratever.com\/2023\/wp-json\/wp\/v2\/media?parent=208176"}],"wp:term":[{"taxonomy":"category","embeddable":true,"href":"https:\/\/www.enteratever.com\/2023\/wp-json\/wp\/v2\/categories?post=208176"},{"taxonomy":"post_tag","embeddable":true,"href":"https:\/\/www.enteratever.com\/2023\/wp-json\/wp\/v2\/tags?post=208176"}],"curies":[{"name":"wp","href":"https:\/\/api.w.org\/{rel}","templated":true}]}}