{"id":207975,"date":"2024-04-05T11:49:13","date_gmt":"2024-04-05T17:49:13","guid":{"rendered":"https:\/\/www.enteratever.com\/2023\/?p=207975"},"modified":"2024-04-05T11:49:13","modified_gmt":"2024-04-05T17:49:13","slug":"el-pleno-de-la-camara-de-diputados-tipifica-como-delito-el-odio-racial","status":"publish","type":"post","link":"https:\/\/www.enteratever.com\/2023\/2024\/04\/05\/el-pleno-de-la-camara-de-diputados-tipifica-como-delito-el-odio-racial\/","title":{"rendered":"El Pleno de la C\u00e1mara de Diputados tipifica como delito el odio racial"},"content":{"rendered":"<p>Visitas: 9<\/p><p>Durante la sesi\u00f3n de este jueves, la C\u00e1mara de Diputados aprob\u00f3, por 406 votos a favor, cero en contra y una abstenci\u00f3n, el dictamen a la minuta que adiciona el C\u00f3digo Penal Federal, a fin de tipificar el odio racial como delito.  <\/p>\n<p>Se establece que se aplicar\u00e1 sanci\u00f3n de uno a cuatro a\u00f1os de prisi\u00f3n y multa de setenta a doscientas veces el valor diario de la Unidad de Medida y Actualizaci\u00f3n (UMA) o de 150 a 300 d\u00edas de trabajo a favor de la comunidad, a quien por cualquier medio, incluidos los electr\u00f3nicos, difunda, publique, propague o transmita ideas basadas en la superioridad o el odio raciales, o por motivos racistas incite a cometer cualquier acto de violencia en contra de una persona determinada o alg\u00fan grupo de personas.<\/p>\n<p>Se\u00f1ala que se aplicar\u00e1 multa de cincuenta a cien veces el valor diario de la UMA, y de cien a doscientos d\u00edas de trabajo en favor de la comunidad, a quien pertenezca o participe en organizaciones que promuevan ideas basadas en la superioridad o el odio raciales o inciten a cometer cualquier tipo de violencia racial.<\/p>\n<p>Se aplicar\u00e1 pena de uno a tres a\u00f1os de prisi\u00f3n y multa de 100 a 300 veces el valor diario de la UMA, a quien asista o apoye de cualquier forma, inclusive el financiamiento, las actividades de las organizaciones a que hace referencia el art\u00edculo anterior.<\/p>\n<p>Al servidor p\u00fablico que cometa alguna de las conductas previstas en los art\u00edculos anteriores, se le incrementar\u00e1 la pena hasta en una mitad, se le impondr\u00e1 la destituci\u00f3n del empleo, cargo o comisi\u00f3n y se le inhabilitar\u00e1 para desempe\u00f1ar cargo o comisi\u00f3n p\u00fablicos, hasta por un plazo igual al de la pena impuesta, mismo que comenzar\u00e1 a correr a partir de la fecha en que quede en libertad.<\/p>\n<p> El dictamen, devuelto al Senado para efectos de la fracci\u00f3n E del art\u00edculo 72 constitucional, agrega un Cap\u00edtulo II al T\u00edtulo Tercero Bis, titulado \u201cOdio Racial\u201d, a dicho C\u00f3digo, con los art\u00edculos 149 Qu\u00e1ter, 149 Quintus, 149 Sextus y 149 Septies.<\/p>\n<p>Tolerancia cero a los prejuicios basados en el origen \u00e9tnico racial<\/p>\n<p>El diputado Manuel V\u00e1zquez Arellano (Morena) enfatiz\u00f3 que penalizar la discriminaci\u00f3n racial representa un claro mensaje de tolerancia cero a los prejuicios basados en el origen \u00e9tnico racial, as\u00ed como de congruencia y respeto a los derechos humanos de igualdad y dignidad de todas las personas.    <\/p>\n<p>Explic\u00f3 que el dictamen busca condenar toda propaganda u organizaci\u00f3n que se inspire en ideas basadas en la superioridad de una raza o de un grupo de personas de determinado color de piel u origen \u00e9tnico o que pretenda promover el odio o la discriminaci\u00f3n desde su difusi\u00f3n o incitaci\u00f3n, hasta su ejecuci\u00f3n. <\/p>\n<p>Asimismo, se penalizar\u00e1 la asistencia, financiamiento y participaci\u00f3n en eventos u organizaciones que promuevan la discriminaci\u00f3n racial, subray\u00f3. <\/p>\n<p>Con la aprobaci\u00f3n del dictamen, dijo, se armoniza el ordenamiento jur\u00eddico en materia penal con los tratados internacionales, espec\u00edficamente la Convenci\u00f3n Internacional sobre la Eliminaci\u00f3n de todas las Formas de Discriminaci\u00f3n Racial, misma que fue suscrita y ratificada por el Estado mexicano en 1975 y los gobiernos han sido omisos.<\/p>\n<p>&#8211;ooOoo&#8211;<\/p>\n","protected":false},"excerpt":{"rendered":"<p>Visitas: 9Durante la sesi\u00f3n de este jueves, la C\u00e1mara de Diputados aprob\u00f3, por 406 votos a favor, cero en contra y una abstenci\u00f3n, el dictamen a la minuta que adiciona el C\u00f3digo Penal Federal, a fin de tipificar el odio racial como delito. Se establece que se aplicar\u00e1 sanci\u00f3n de uno a cuatro a\u00f1os de [&hellip;]<\/p>\n","protected":false},"author":2,"featured_media":207977,"comment_status":"open","ping_status":"open","sticky":false,"template":"","format":"standard","meta":{"footnotes":""},"categories":[252],"tags":[],"class_list":{"0":"post-207975","1":"post","2":"type-post","3":"status-publish","4":"format-standard","5":"has-post-thumbnail","7":"category-nacionales"},"nelio_content":{"isAutoShareEnabled":true,"autoShareEndMode":"never","automationSources":{"useCustomSentences":false,"customSentences":[]},"followers":[],"suggestedReferences":[],"efiUrl":"","efiAlt":"","highlights":[],"permalinkQueryArgs":[],"series":[]},"_links":{"self":[{"href":"https:\/\/www.enteratever.com\/2023\/wp-json\/wp\/v2\/posts\/207975","targetHints":{"allow":["GET"]}}],"collection":[{"href":"https:\/\/www.enteratever.com\/2023\/wp-json\/wp\/v2\/posts"}],"about":[{"href":"https:\/\/www.enteratever.com\/2023\/wp-json\/wp\/v2\/types\/post"}],"author":[{"embeddable":true,"href":"https:\/\/www.enteratever.com\/2023\/wp-json\/wp\/v2\/users\/2"}],"replies":[{"embeddable":true,"href":"https:\/\/www.enteratever.com\/2023\/wp-json\/wp\/v2\/comments?post=207975"}],"version-history":[{"count":1,"href":"https:\/\/www.enteratever.com\/2023\/wp-json\/wp\/v2\/posts\/207975\/revisions"}],"predecessor-version":[{"id":207979,"href":"https:\/\/www.enteratever.com\/2023\/wp-json\/wp\/v2\/posts\/207975\/revisions\/207979"}],"wp:featuredmedia":[{"embeddable":true,"href":"https:\/\/www.enteratever.com\/2023\/wp-json\/wp\/v2\/media\/207977"}],"wp:attachment":[{"href":"https:\/\/www.enteratever.com\/2023\/wp-json\/wp\/v2\/media?parent=207975"}],"wp:term":[{"taxonomy":"category","embeddable":true,"href":"https:\/\/www.enteratever.com\/2023\/wp-json\/wp\/v2\/categories?post=207975"},{"taxonomy":"post_tag","embeddable":true,"href":"https:\/\/www.enteratever.com\/2023\/wp-json\/wp\/v2\/tags?post=207975"}],"curies":[{"name":"wp","href":"https:\/\/api.w.org\/{rel}","templated":true}]}}