{"id":207917,"date":"2024-04-04T12:57:07","date_gmt":"2024-04-04T18:57:07","guid":{"rendered":"https:\/\/www.enteratever.com\/2023\/?p=207917"},"modified":"2024-04-04T12:57:07","modified_gmt":"2024-04-04T18:57:07","slug":"para-ser-respetuoso-amlo-rechaza-opinar-sobre-hijo-de-xochitl-galvez","status":"publish","type":"post","link":"https:\/\/www.enteratever.com\/2023\/2024\/04\/04\/para-ser-respetuoso-amlo-rechaza-opinar-sobre-hijo-de-xochitl-galvez\/","title":{"rendered":"\u00abPara ser respetuoso\u201d: AMLO rechaza opinar sobre hijo de X\u00f3chitl G\u00e1lvez"},"content":{"rendered":"<p>Visitas: 0<\/p><p>Por respeto, el presidente Andr\u00e9s Manuel L\u00f3pez Obrador dijo que no opinar\u00e1 sobre la pol\u00e9mica de Juan Pablo S\u00e1nchez G\u00e1lvez, hijo de la candidata presidencial de oposici\u00f3n X\u00f3chitl G\u00e1lvez, quien se ve en un video insultando y lanzando patadas a un empleado de un bar de Polanco.<\/p>\n<p>\u201cNo me meto por lo mismo. Si, para ser respetuoso\u201d.<\/p>\n<p>En conferencia ma\u00f1anera, el presidente fue cuestionado sobre si respaldaba el mensaje de su esposa, la doctora Beatriz Guti\u00e9rrez M\u00fcller, quien se solidariz\u00f3 con Juan Pablo S\u00e1nchez y se manifest\u00f3 en favor del derecho que tienen los familiares de pol\u00edticos a ser respetados en su persona y en su vida privada, el Presidente dijo que tambi\u00e9n respeta su opini\u00f3n.<\/p>\n<p>\u201cNo me meto tampoco en eso, jajaja, yo creo que ya es dominio p\u00fablico, no, en la casa somos respetuosos, independientes y cada quien\u201d.<\/p>\n<p>\u201cPor ejemplo, \u00bfpor qu\u00e9 no se habla de econom\u00eda? \u00bfCu\u00e1l es la propuesta econ\u00f3mica? \u00bfPor qu\u00e9 no se habla de democracia? \u00bfPor qu\u00e9 no se habla de honestidad?\u201d, dijo.<\/p>\n<p>XEU<\/p>\n","protected":false},"excerpt":{"rendered":"<p>Visitas: 0Por respeto, el presidente Andr\u00e9s Manuel L\u00f3pez Obrador dijo que no opinar\u00e1 sobre la pol\u00e9mica de Juan Pablo S\u00e1nchez G\u00e1lvez, hijo de la candidata presidencial de oposici\u00f3n X\u00f3chitl G\u00e1lvez, quien se ve en un video insultando y lanzando patadas a un empleado de un bar de Polanco. \u201cNo me meto por lo mismo. Si, [&hellip;]<\/p>\n","protected":false},"author":2,"featured_media":207716,"comment_status":"open","ping_status":"open","sticky":false,"template":"","format":"standard","meta":{"footnotes":""},"categories":[252],"tags":[],"class_list":{"0":"post-207917","1":"post","2":"type-post","3":"status-publish","4":"format-standard","5":"has-post-thumbnail","7":"category-nacionales"},"nelio_content":{"isAutoShareEnabled":true,"autoShareEndMode":"never","automationSources":{"useCustomSentences":false,"customSentences":[]},"followers":[],"suggestedReferences":[],"efiUrl":"","efiAlt":"","highlights":[],"permalinkQueryArgs":[],"series":[]},"_links":{"self":[{"href":"https:\/\/www.enteratever.com\/2023\/wp-json\/wp\/v2\/posts\/207917","targetHints":{"allow":["GET"]}}],"collection":[{"href":"https:\/\/www.enteratever.com\/2023\/wp-json\/wp\/v2\/posts"}],"about":[{"href":"https:\/\/www.enteratever.com\/2023\/wp-json\/wp\/v2\/types\/post"}],"author":[{"embeddable":true,"href":"https:\/\/www.enteratever.com\/2023\/wp-json\/wp\/v2\/users\/2"}],"replies":[{"embeddable":true,"href":"https:\/\/www.enteratever.com\/2023\/wp-json\/wp\/v2\/comments?post=207917"}],"version-history":[{"count":1,"href":"https:\/\/www.enteratever.com\/2023\/wp-json\/wp\/v2\/posts\/207917\/revisions"}],"predecessor-version":[{"id":207921,"href":"https:\/\/www.enteratever.com\/2023\/wp-json\/wp\/v2\/posts\/207917\/revisions\/207921"}],"wp:featuredmedia":[{"embeddable":true,"href":"https:\/\/www.enteratever.com\/2023\/wp-json\/wp\/v2\/media\/207716"}],"wp:attachment":[{"href":"https:\/\/www.enteratever.com\/2023\/wp-json\/wp\/v2\/media?parent=207917"}],"wp:term":[{"taxonomy":"category","embeddable":true,"href":"https:\/\/www.enteratever.com\/2023\/wp-json\/wp\/v2\/categories?post=207917"},{"taxonomy":"post_tag","embeddable":true,"href":"https:\/\/www.enteratever.com\/2023\/wp-json\/wp\/v2\/tags?post=207917"}],"curies":[{"name":"wp","href":"https:\/\/api.w.org\/{rel}","templated":true}]}}