{"id":207861,"date":"2024-04-03T15:50:08","date_gmt":"2024-04-03T21:50:08","guid":{"rendered":"https:\/\/www.enteratever.com\/2023\/?p=207861"},"modified":"2024-04-03T15:50:08","modified_gmt":"2024-04-03T21:50:08","slug":"mariano-romero-sera-abanderado-a-la-diputacion-local-en-papantla-por-la-coalicion-fuerza-y-corazon-por-mexico","status":"publish","type":"post","link":"https:\/\/www.enteratever.com\/2023\/2024\/04\/03\/mariano-romero-sera-abanderado-a-la-diputacion-local-en-papantla-por-la-coalicion-fuerza-y-corazon-por-mexico\/","title":{"rendered":"Mariano Romero ser\u00e1 abanderado a la diputaci\u00f3n local en Papantla por la coalici\u00f3n Fuerza y Coraz\u00f3n por M\u00e9xico"},"content":{"rendered":"<p>Visitas: 7<\/p><p>Fernando Castillo Collazo va como suplente <\/p>\n<p>A pocos d\u00edas de que comiencen las campa\u00f1as para la diputaciones locales en Veracruz, en Papantla se perfila el nombre de Mariano Romero como el perfil de la alianza fuerza y coraz\u00f3n por M\u00e9xico para el distrito 06 <\/p>\n<p>Fue el presidente del comit\u00e9 municipal del Partido de la Revoluci\u00f3n Dem\u00f3cratica, (PRD),  Gilberto Rubio Ruiz, quien se\u00f1alo que esta en espera la respuesta de OPLE pues el registro de Mariano Romero Gonz\u00e1lez y su suplente Fernando Castillo Collazo se ha realizado <\/p>\n<p>Al preguntarle el panorama sobre las pr\u00f3ximas eleccione s se\u00f1alo que en el caminar de los candidatos a la diputaci\u00f3n federal entre las principales demandas que tiene la gente es la falta de seguridad, inseguridad y salud<\/p>\n<p>C\u00f3mo tal las campa\u00f1as para quienes desean llegar a un curul local, se efectuar\u00e1n el  pr\u00f3ximo 30 de abril.<\/p>\n","protected":false},"excerpt":{"rendered":"<p>Visitas: 7Fernando Castillo Collazo va como suplente A pocos d\u00edas de que comiencen las campa\u00f1as para la diputaciones locales en Veracruz, en Papantla se perfila el nombre de Mariano Romero como el perfil de la alianza fuerza y coraz\u00f3n por M\u00e9xico para el distrito 06 Fue el presidente del comit\u00e9 municipal del Partido de la [&hellip;]<\/p>\n","protected":false},"author":3,"featured_media":207864,"comment_status":"open","ping_status":"open","sticky":false,"template":"","format":"standard","meta":{"footnotes":""},"categories":[215,219],"tags":[41],"class_list":{"0":"post-207861","1":"post","2":"type-post","3":"status-publish","4":"format-standard","5":"has-post-thumbnail","7":"category-papantla","8":"category-zona-norte","9":"tag-portada"},"nelio_content":{"isAutoShareEnabled":true,"autoShareEndMode":"never","automationSources":{"useCustomSentences":false,"customSentences":[]},"followers":[],"suggestedReferences":[],"efiUrl":"","efiAlt":"","highlights":[],"permalinkQueryArgs":[],"series":[]},"_links":{"self":[{"href":"https:\/\/www.enteratever.com\/2023\/wp-json\/wp\/v2\/posts\/207861","targetHints":{"allow":["GET"]}}],"collection":[{"href":"https:\/\/www.enteratever.com\/2023\/wp-json\/wp\/v2\/posts"}],"about":[{"href":"https:\/\/www.enteratever.com\/2023\/wp-json\/wp\/v2\/types\/post"}],"author":[{"embeddable":true,"href":"https:\/\/www.enteratever.com\/2023\/wp-json\/wp\/v2\/users\/3"}],"replies":[{"embeddable":true,"href":"https:\/\/www.enteratever.com\/2023\/wp-json\/wp\/v2\/comments?post=207861"}],"version-history":[{"count":1,"href":"https:\/\/www.enteratever.com\/2023\/wp-json\/wp\/v2\/posts\/207861\/revisions"}],"predecessor-version":[{"id":207865,"href":"https:\/\/www.enteratever.com\/2023\/wp-json\/wp\/v2\/posts\/207861\/revisions\/207865"}],"wp:featuredmedia":[{"embeddable":true,"href":"https:\/\/www.enteratever.com\/2023\/wp-json\/wp\/v2\/media\/207864"}],"wp:attachment":[{"href":"https:\/\/www.enteratever.com\/2023\/wp-json\/wp\/v2\/media?parent=207861"}],"wp:term":[{"taxonomy":"category","embeddable":true,"href":"https:\/\/www.enteratever.com\/2023\/wp-json\/wp\/v2\/categories?post=207861"},{"taxonomy":"post_tag","embeddable":true,"href":"https:\/\/www.enteratever.com\/2023\/wp-json\/wp\/v2\/tags?post=207861"}],"curies":[{"name":"wp","href":"https:\/\/api.w.org\/{rel}","templated":true}]}}