{"id":207018,"date":"2024-03-14T18:57:49","date_gmt":"2024-03-15T00:57:49","guid":{"rendered":"https:\/\/www.enteratever.com\/2023\/?p=207018"},"modified":"2024-03-14T18:57:50","modified_gmt":"2024-03-15T00:57:50","slug":"escuela-jorge-de-castro-cancio-es-reconocida-en-el-senado-por-sus-85-anos","status":"publish","type":"post","link":"https:\/\/www.enteratever.com\/2023\/2024\/03\/14\/escuela-jorge-de-castro-cancio-es-reconocida-en-el-senado-por-sus-85-anos\/","title":{"rendered":"Escuela Jorge de Castro Cancio es reconocida en el Senado por sus 85 a\u00f1os"},"content":{"rendered":"<p>Visitas: 28<\/p>\n<p>Fueron algunos estudiantes de la secundaria Jorge de Castro Cancio de Papantla, quienes visitaron el senado de la rep\u00fablica para recibir un reconocimiento por los 85 a\u00f1os de labor educativa ininterrumpida en Papantla<\/p>\n\n\n\n<p>La escuela fue fundada un d\u00eda dieciocho de marzo de 1938, la instituci\u00f3n fue la primera que brind\u00f3 servicio educativo en la Ciudad que Perfuma al Mundo y en toda la regi\u00f3n, de ah\u00ed que el Senado de la Rep\u00fablica, por propuesta del Senador Ricardo Monreal, resolvi\u00f3 entregar este reconocimiento que fue recibido por el director de la escuela, profesor Leopoldo Reyes Rodr\u00edguez.<\/p>\n\n\n\n<p>Los alumnos tambi\u00e9n recibieron un reconocimiento especial por su participaci\u00f3n destacada en el taller Derechos Civiles de los Ni\u00f1os y Adolescentes, qu\u00e9 otorga la Junta de Coordinaci\u00f3n Pol\u00edtica del Senado de la Rep\u00fablica, de la que es Secretario T\u00e9cnico, Jos\u00e9 Manuel del R\u00edo Virgen.<\/p>\n","protected":false},"excerpt":{"rendered":"<p>Visitas: 28 Fueron algunos estudiantes de la secundaria Jorge de Castro Cancio de Papantla, quienes visitaron el senado de la rep\u00fablica para recibir un reconocimiento por los 85 a\u00f1os de labor educativa ininterrumpida en Papantla La escuela fue fundada un d\u00eda dieciocho de marzo de 1938, la instituci\u00f3n fue la primera que brind\u00f3 servicio educativo [&hellip;]<\/p>\n","protected":false},"author":3,"featured_media":207019,"comment_status":"open","ping_status":"open","sticky":false,"template":"","format":"standard","meta":{"footnotes":""},"categories":[215,219],"tags":[41],"class_list":{"0":"post-207018","1":"post","2":"type-post","3":"status-publish","4":"format-standard","5":"has-post-thumbnail","7":"category-papantla","8":"category-zona-norte","9":"tag-portada"},"nelio_content":{"isAutoShareEnabled":true,"autoShareEndMode":"never","automationSources":{"useCustomSentences":false,"customSentences":[]},"followers":[],"suggestedReferences":[],"efiUrl":"","efiAlt":"","highlights":[],"permalinkQueryArgs":[],"series":[]},"_links":{"self":[{"href":"https:\/\/www.enteratever.com\/2023\/wp-json\/wp\/v2\/posts\/207018","targetHints":{"allow":["GET"]}}],"collection":[{"href":"https:\/\/www.enteratever.com\/2023\/wp-json\/wp\/v2\/posts"}],"about":[{"href":"https:\/\/www.enteratever.com\/2023\/wp-json\/wp\/v2\/types\/post"}],"author":[{"embeddable":true,"href":"https:\/\/www.enteratever.com\/2023\/wp-json\/wp\/v2\/users\/3"}],"replies":[{"embeddable":true,"href":"https:\/\/www.enteratever.com\/2023\/wp-json\/wp\/v2\/comments?post=207018"}],"version-history":[{"count":1,"href":"https:\/\/www.enteratever.com\/2023\/wp-json\/wp\/v2\/posts\/207018\/revisions"}],"predecessor-version":[{"id":207020,"href":"https:\/\/www.enteratever.com\/2023\/wp-json\/wp\/v2\/posts\/207018\/revisions\/207020"}],"wp:featuredmedia":[{"embeddable":true,"href":"https:\/\/www.enteratever.com\/2023\/wp-json\/wp\/v2\/media\/207019"}],"wp:attachment":[{"href":"https:\/\/www.enteratever.com\/2023\/wp-json\/wp\/v2\/media?parent=207018"}],"wp:term":[{"taxonomy":"category","embeddable":true,"href":"https:\/\/www.enteratever.com\/2023\/wp-json\/wp\/v2\/categories?post=207018"},{"taxonomy":"post_tag","embeddable":true,"href":"https:\/\/www.enteratever.com\/2023\/wp-json\/wp\/v2\/tags?post=207018"}],"curies":[{"name":"wp","href":"https:\/\/api.w.org\/{rel}","templated":true}]}}