{"id":206949,"date":"2024-03-13T10:05:09","date_gmt":"2024-03-13T16:05:09","guid":{"rendered":"https:\/\/www.enteratever.com\/2023\/?p=206949"},"modified":"2024-03-13T10:05:10","modified_gmt":"2024-03-13T16:05:10","slug":"designan-a-dory-macdonal-vera-como-nueva-directora-del-museo-regional-de-nuevo-leon-el-obispado","status":"publish","type":"post","link":"https:\/\/www.enteratever.com\/2023\/2024\/03\/13\/designan-a-dory-macdonal-vera-como-nueva-directora-del-museo-regional-de-nuevo-leon-el-obispado\/","title":{"rendered":"Designan a Dory MacDonal Vera como nueva directora del Museo Regional de Nuevo Le\u00f3n, \u201cEl Obispado\u201d"},"content":{"rendered":"<p>Visitas: 11<\/p>\n<p>Por acuerdo de autoridades del Instituto Nacional de Antropolog\u00eda e Historia (INAH), este lunes 11 de marzo de 2024 se anunci\u00f3 la designaci\u00f3n de Dory Cristina MacDonal Vera como nueva directora del Museo Regional de Nuevo Le\u00f3n, \u201cEl Obispado\u201d, ubicado en Monterrey, Nuevo Le\u00f3n.<\/p>\n\n\n\n<p>MacDonal Vera es licenciada en Humanidades con especialidad en Historia por la Universidad Aut\u00f3noma de Campeche, as\u00ed como maestra en Ciencias asociadas con la Educaci\u00f3n por la Universidad Aut\u00f3noma de Nuevo Le\u00f3n.<\/p>\n\n\n\n<p>En Monterrey y su \u00e1rea metropolitana ha desarrollado iniciativas dentro de asociaciones civiles, como la Fundaci\u00f3n Promover, encaminadas a la impartici\u00f3n de talleres de autoempleo en comunidades en situaci\u00f3n de vulnerabilidad. De igual modo, ha impartido cursos y asesor\u00edas a docentes y directivos de educaci\u00f3n b\u00e1sica sobre el uso de plataformas tecnol\u00f3gicas educativas.<\/p>\n\n\n\n<p>Entre 2010 y 2013 fue coordinadora de proyectos y jefa de la Mediateca del Consejo para la Cultura y las Artes de Nuevo Le\u00f3n.<\/p>\n\n\n\n<p>Al interior del INAH, Dory MacDonal ha desempe\u00f1ado diversos cargos. De 1999 a 2007 fue coordinadora de Gesti\u00f3n Cultural en la Zona Arqueol\u00f3gica de Palenque y en el Museo de Sitio \u201cAlberto Ruz L&#8217;huillier\u201d, donde prioriz\u00f3 acciones como el di\u00e1logo y la impartici\u00f3n de cursos, talleres y otros eventos de difusi\u00f3n dirigidos a las comunidades choles y tzeltales, aleda\u00f1as al sitio patrimonial maya.<\/p>\n\n\n\n<p>Durante 2023 fungi\u00f3 como titular del Centro Comunitario Ecatepec, \u201cCasa de Morelos\u201d, en el Estado de M\u00e9xico, donde colabor\u00f3 con la Coordinaci\u00f3n Nacional de Difusi\u00f3n del instituto para la realizaci\u00f3n del INAHfest, actividad cultural, art\u00edstica y acad\u00e9mica que tuvo lugar del 29 de junio al 2 de julio de 2023.<\/p>\n\n\n\n<p>Gestion\u00f3 el retorno a este mismo centro de trabajo del llamado Mamut de Ecatepec, un vestigio prehist\u00f3rico fosilizado que, tras su itinerancia por m\u00e1s de seis a\u00f1os en exposiciones de diversos estados de la Rep\u00fablica, fue puesto nuevamente al disfrute p\u00fablico en un renovado pabell\u00f3n museogr\u00e1fico.<\/p>\n\n\n\n<p>En el centro cultural mexiquense tambi\u00e9n prioriz\u00f3 labores de conservaci\u00f3n, como la limpieza, realizada por especialistas de la Coordinaci\u00f3n Nacional de Conservaci\u00f3n del Patrimonio Cultural del INAH, del monumento dedicado al pr\u00f3cer Jos\u00e9 Mar\u00eda Morelos y Pav\u00f3n, y la restauraci\u00f3n arquitect\u00f3nica de espacios como la Capilla de San Juan Alcahuacan y las \u201ccaballerizas\u201d, ambos pertenecientes a la propia Casa de Morelos.<\/p>\n\n\n\n<p>En un acto realizado en las instalaciones del museo regional, representantes de la Direcci\u00f3n General del INAH desearon \u00e9xito a Dory MacDonal en el cumplimiento de sus funciones y en el hermanamiento de estas con las tareas sustantivas del instituto, relativas a la investigaci\u00f3n, conservaci\u00f3n, protecci\u00f3n y difusi\u00f3n del patrimonio cultural.<\/p>\n\n\n\n<p>De igual modo, se encomi\u00f3 el trabajo realizado en El Obispado por el historiador Roberto Velasco Alonso, quien estuvo al frente del recinto entre julio de 2021 y febrero de 2024.<\/p>\n\n\n\n<p><strong>&#8212;oo0oo&#8212;<\/strong><\/p>\n","protected":false},"excerpt":{"rendered":"<p>Visitas: 11 Por acuerdo de autoridades del Instituto Nacional de Antropolog\u00eda e Historia (INAH), este lunes 11 de marzo de 2024 se anunci\u00f3 la designaci\u00f3n de Dory Cristina MacDonal Vera como nueva directora del Museo Regional de Nuevo Le\u00f3n, \u201cEl Obispado\u201d, ubicado en Monterrey, Nuevo Le\u00f3n. MacDonal Vera es licenciada en Humanidades con especialidad en [&hellip;]<\/p>\n","protected":false},"author":2,"featured_media":206953,"comment_status":"open","ping_status":"open","sticky":false,"template":"","format":"standard","meta":{"footnotes":""},"categories":[252],"tags":[],"class_list":{"0":"post-206949","1":"post","2":"type-post","3":"status-publish","4":"format-standard","5":"has-post-thumbnail","7":"category-nacionales"},"nelio_content":{"isAutoShareEnabled":true,"autoShareEndMode":"never","automationSources":{"useCustomSentences":false,"customSentences":[]},"followers":[],"suggestedReferences":[],"efiUrl":"","efiAlt":"","highlights":[],"permalinkQueryArgs":[],"series":[]},"_links":{"self":[{"href":"https:\/\/www.enteratever.com\/2023\/wp-json\/wp\/v2\/posts\/206949","targetHints":{"allow":["GET"]}}],"collection":[{"href":"https:\/\/www.enteratever.com\/2023\/wp-json\/wp\/v2\/posts"}],"about":[{"href":"https:\/\/www.enteratever.com\/2023\/wp-json\/wp\/v2\/types\/post"}],"author":[{"embeddable":true,"href":"https:\/\/www.enteratever.com\/2023\/wp-json\/wp\/v2\/users\/2"}],"replies":[{"embeddable":true,"href":"https:\/\/www.enteratever.com\/2023\/wp-json\/wp\/v2\/comments?post=206949"}],"version-history":[{"count":1,"href":"https:\/\/www.enteratever.com\/2023\/wp-json\/wp\/v2\/posts\/206949\/revisions"}],"predecessor-version":[{"id":206956,"href":"https:\/\/www.enteratever.com\/2023\/wp-json\/wp\/v2\/posts\/206949\/revisions\/206956"}],"wp:featuredmedia":[{"embeddable":true,"href":"https:\/\/www.enteratever.com\/2023\/wp-json\/wp\/v2\/media\/206953"}],"wp:attachment":[{"href":"https:\/\/www.enteratever.com\/2023\/wp-json\/wp\/v2\/media?parent=206949"}],"wp:term":[{"taxonomy":"category","embeddable":true,"href":"https:\/\/www.enteratever.com\/2023\/wp-json\/wp\/v2\/categories?post=206949"},{"taxonomy":"post_tag","embeddable":true,"href":"https:\/\/www.enteratever.com\/2023\/wp-json\/wp\/v2\/tags?post=206949"}],"curies":[{"name":"wp","href":"https:\/\/api.w.org\/{rel}","templated":true}]}}