{"id":206939,"date":"2024-03-13T09:44:18","date_gmt":"2024-03-13T15:44:18","guid":{"rendered":"https:\/\/www.enteratever.com\/2023\/?p=206939"},"modified":"2024-03-13T09:44:20","modified_gmt":"2024-03-13T15:44:20","slug":"secver-invita-a-participar-en-el-concurso-fotografico-del-encuentro-cultural-del-orgullo-veracruzano","status":"publish","type":"post","link":"https:\/\/www.enteratever.com\/2023\/2024\/03\/13\/secver-invita-a-participar-en-el-concurso-fotografico-del-encuentro-cultural-del-orgullo-veracruzano\/","title":{"rendered":"SECVER invita a participar en el Concurso Fotogr\u00e1fico del Encuentro Cultural del Orgullo Veracruzano"},"content":{"rendered":"<p>Visitas: 0<\/p>\n<p>La&nbsp;<strong>Secretar\u00eda de Cultura de Veracruz<\/strong>&nbsp;y el&nbsp;<strong>H. Ayuntamiento de Coatepec<\/strong>&nbsp;convocan a participar en la tercera edici\u00f3n del&nbsp;<strong>Concurso Fotogr\u00e1fico del Encuentro Cultural del Orgullo Veracruzano<\/strong>,&nbsp;iniciativa que celebra la riqueza cultural y la diversidad del estado. Las actividades del encuentro tendr\u00e1n lugar del viernes 15 al domingo 17 de marzo en el Pueblo M\u00e1gico de Coatepec.<\/p>\n\n\n\n<p>En el concurso podr\u00e1n participar fot\u00f3grafos aficionados y profesionales mayores de 18 a\u00f1os, residentes en M\u00e9xico, enviando im\u00e1genes que den cuenta de las tradiciones e identidad de las y los veracruzanos,&nbsp;<strong>capturadas durante el Encuentro Cultural del Orgullo Veracruzano<\/strong>: tomas del desfile, la muestra gastron\u00f3mica y artesanal o&nbsp; las presentaciones art\u00edsticas. Se aceptar\u00e1 un m\u00e1ximo de tres fotograf\u00edas por participante.<\/p>\n\n\n\n<p>Un panel conformado por especialistas en fotograf\u00eda y cultura veracruzana evaluar\u00e1 las im\u00e1genes, considerando la creatividad, conexi\u00f3n cultural, calidad t\u00e9cnica y originalidad. Seleccionar\u00e1n hasta 10 fotograf\u00edas, cuyos autores recibir\u00e1n un certificado de reconocimiento, y las 3 mejores fotos obtendr\u00e1n premios especiales. La ceremonia de premiaci\u00f3n se llevar\u00e1 a cabo durante el cierre del encuentro la tarde del domingo 17.<\/p>\n\n\n\n<p>Las fotograf\u00edas seleccionadas ser\u00e1n exhibidas en una galer\u00eda virtual y podr\u00e1n ser utilizadas con fines de difusi\u00f3n cultural por los organizadores del evento. Las y los interesados deber\u00e1n enviar sus fotos en formato JPG, con una resoluci\u00f3n m\u00ednima de 300 dpi, y nombradas con el t\u00edtulo de la fotograf\u00eda y el nombre del participante, al correo electr\u00f3nico&nbsp;<a href=\"mailto:concursofotografico2024@gmail.com\">concursofotografico2024@gmail.com<\/a>. La fecha l\u00edmite de recepci\u00f3n es el&nbsp;<strong>domingo 17 de marzo<\/strong>, a las 17:00 horas.<\/p>\n\n\n\n<p>Consulta las bases completas del concurso en el sitio web&nbsp;<a href=\"http:\/\/www.culturaveracruz.gob.mx\/\">www.culturaveracruz.gob.mx<\/a>, as\u00ed como las p\u00e1ginas de Facebook&nbsp;<a href=\"https:\/\/www.facebook.com\/SECVERoficial\">@SECVERoficial<\/a>,&nbsp;<a href=\"https:\/\/www.facebook.com\/DesarrolloCulturalRegionalSECVER\/\">@DesarrolloCulturalRegionalSECVER<\/a>&nbsp;y&nbsp;<a href=\"https:\/\/www.facebook.com\/GobiernoMunicipalDeCoatepec\/?locale=es_LA\">@GobiernoMunicipalDeCoatepec<\/a>.&nbsp;<\/p>\n","protected":false},"excerpt":{"rendered":"<p>Visitas: 0 La&nbsp;Secretar\u00eda de Cultura de Veracruz&nbsp;y el&nbsp;H. Ayuntamiento de Coatepec&nbsp;convocan a participar en la tercera edici\u00f3n del&nbsp;Concurso Fotogr\u00e1fico del Encuentro Cultural del Orgullo Veracruzano,&nbsp;iniciativa que celebra la riqueza cultural y la diversidad del estado. Las actividades del encuentro tendr\u00e1n lugar del viernes 15 al domingo 17 de marzo en el Pueblo M\u00e1gico de Coatepec. [&hellip;]<\/p>\n","protected":false},"author":2,"featured_media":206942,"comment_status":"open","ping_status":"open","sticky":false,"template":"","format":"standard","meta":{"footnotes":""},"categories":[237,236],"tags":[],"class_list":{"0":"post-206939","1":"post","2":"type-post","3":"status-publish","4":"format-standard","5":"has-post-thumbnail","7":"category-xalapa","8":"category-zona-centro"},"nelio_content":{"isAutoShareEnabled":true,"autoShareEndMode":"never","automationSources":{"useCustomSentences":false,"customSentences":[]},"followers":[],"suggestedReferences":[],"efiUrl":"","efiAlt":"","highlights":[],"permalinkQueryArgs":[],"series":[]},"_links":{"self":[{"href":"https:\/\/www.enteratever.com\/2023\/wp-json\/wp\/v2\/posts\/206939","targetHints":{"allow":["GET"]}}],"collection":[{"href":"https:\/\/www.enteratever.com\/2023\/wp-json\/wp\/v2\/posts"}],"about":[{"href":"https:\/\/www.enteratever.com\/2023\/wp-json\/wp\/v2\/types\/post"}],"author":[{"embeddable":true,"href":"https:\/\/www.enteratever.com\/2023\/wp-json\/wp\/v2\/users\/2"}],"replies":[{"embeddable":true,"href":"https:\/\/www.enteratever.com\/2023\/wp-json\/wp\/v2\/comments?post=206939"}],"version-history":[{"count":1,"href":"https:\/\/www.enteratever.com\/2023\/wp-json\/wp\/v2\/posts\/206939\/revisions"}],"predecessor-version":[{"id":206943,"href":"https:\/\/www.enteratever.com\/2023\/wp-json\/wp\/v2\/posts\/206939\/revisions\/206943"}],"wp:featuredmedia":[{"embeddable":true,"href":"https:\/\/www.enteratever.com\/2023\/wp-json\/wp\/v2\/media\/206942"}],"wp:attachment":[{"href":"https:\/\/www.enteratever.com\/2023\/wp-json\/wp\/v2\/media?parent=206939"}],"wp:term":[{"taxonomy":"category","embeddable":true,"href":"https:\/\/www.enteratever.com\/2023\/wp-json\/wp\/v2\/categories?post=206939"},{"taxonomy":"post_tag","embeddable":true,"href":"https:\/\/www.enteratever.com\/2023\/wp-json\/wp\/v2\/tags?post=206939"}],"curies":[{"name":"wp","href":"https:\/\/api.w.org\/{rel}","templated":true}]}}