{"id":206931,"date":"2024-03-13T09:28:04","date_gmt":"2024-03-13T15:28:04","guid":{"rendered":"https:\/\/www.enteratever.com\/2023\/?p=206931"},"modified":"2024-03-13T09:28:07","modified_gmt":"2024-03-13T15:28:07","slug":"se-inaugura-la-exposicion-gustavo-perez-obra-reciente-y-colaboraciones-en-el-maev","status":"publish","type":"post","link":"https:\/\/www.enteratever.com\/2023\/2024\/03\/13\/se-inaugura-la-exposicion-gustavo-perez-obra-reciente-y-colaboraciones-en-el-maev\/","title":{"rendered":"Se inaugura la exposici\u00f3n Gustavo P\u00e9rez. Obra reciente y colaboraciones en el MAEV"},"content":{"rendered":"<p>Visitas: 0<\/p>\n<p>En el&nbsp;<strong>Museo de Arte del Estado de Veracruz&nbsp;<\/strong>se presenta la exposici\u00f3n retrospectiva&nbsp;<strong><em>Gustavo P\u00e9rez. Obra reciente y colaboraciones<\/em><\/strong>, recorrido visual que narra a trav\u00e9s de su obra, parte de su devenir art\u00edstico durante las dos \u00faltimas d\u00e9cadas de producci\u00f3n del reconocido ceramista mexicano. La inauguraci\u00f3n tendr\u00e1 lugar el viernes 15 de marzo a las 18:00 horas, en la Sala 9 de este recinto SECVER en la ciudad de Orizaba.<\/p>\n\n\n\n<p>La muestra re\u00fane un total de 134 obras, realizadas entre 1997 y el 2023 con diversos materiales. Se encuentran tanto piezas de barro de diversas regiones, con trabajo de bru\u00f1idos y esgrafiados, as\u00ed como cer\u00e1mica en alta temperatura en sensuales formas y una interesante paleta de colores, finas porcelanas resultado de una profunda exploraci\u00f3n formal y t\u00e9cnica. Incluye trabajos de sus primeros a\u00f1os de formaci\u00f3n, as\u00ed como sus experiencias en talleres internacionales en Francia, Espa\u00f1a, Holanda, Hungr\u00eda y Jap\u00f3n. Destaca su m\u00e1s reciente colaboraci\u00f3n con La Ceiba Gr\u00e1fica, que deriv\u00f3 en una serie litogr\u00e1fica de \u201cconstelaciones\u201d de impecable factura.<\/p>\n\n\n\n<p>Gustavo P\u00e9rez ha consolidado una pr\u00e1ctica \u00fanica que se renueva constantemente. Esta colecci\u00f3n no s\u00f3lo exhibe su maestr\u00eda individual, sino tambi\u00e9n su colaboraci\u00f3n con otros talleres y artistas, como la f\u00e1brica de Talavera Uriarte, en Puebla; los talleres de Jorge Wilmot y \u00c1ngel Santos, en Tonal\u00e1, Jalisco, y su experiencia en la prestigiosa f\u00e1brica de S\u00e8vres, en Francia, porcelanas que se muestran por primera vez en M\u00e9xico en esta selecci\u00f3n.<\/p>\n\n\n\n<p>Originario de la CDMX,&nbsp;<strong>Gustavo P\u00e9rez&nbsp;<\/strong>es considerado uno de los mejores ceramistas del mundo. A lo largo de sus casi 50 a\u00f1os de trayectoria ha desarrollado diferentes series, siendo el centro de su actividad la investigaci\u00f3n de las posibilidades creativas de la arcilla.&nbsp;Se form\u00f3 en la Escuela de Dise\u00f1o y Artesan\u00edas de la Ciudadela, y adquiri\u00f3 experiencia en talleres de renombre en Francia, Espa\u00f1a, Holanda, Hungr\u00eda y Jap\u00f3n, donde&nbsp;su obra se exhibe y forma parte de las colecciones de diversos museos.&nbsp;Es el \u00fanico artista que ha presentado en el Museo del Palacio de Bellas Artes una exposici\u00f3n de cer\u00e1mica y su trabajo ha recibido importantes reconocimientos, como el&nbsp;Premio Nacional de Cer\u00e1mica, entre muchos otros.&nbsp;Su contribuci\u00f3n a la disciplina y al crecimiento del arte cer\u00e1mico es patente no s\u00f3lo en su obra, sino en las varias generaciones de artistas que ha formado.<\/p>\n\n\n\n<p><strong><em>Gustavo P\u00e9rez. Obra reciente y colaboraciones&nbsp;<\/em><\/strong>se present\u00f3 por primera ocasi\u00f3n en la&nbsp;<strong>Pinacoteca Diego Rivera<\/strong>, como parte de las actividades de la und\u00e9cima emisi\u00f3n de la&nbsp;<strong>Bienal de Cer\u00e1mica Utilitaria Contempor\u00e1nea<\/strong>, contin\u00faa su itinerancia en el&nbsp;<strong>Museo de Arte del Estado de Veracruz&nbsp;<\/strong>a partir del pr\u00f3ximo&nbsp;15 de marzo, posteriormente durante el verano, se presentar\u00e1 en el Exconvento Betlehemita en Veracruz.<\/p>\n\n\n\n<p>La&nbsp;<strong>Secretar\u00eda de Cultura de Veracruz<\/strong>&nbsp;invita a la inauguraci\u00f3n de esta muestra que nos invita a apreciar la&nbsp;evoluci\u00f3n creativa de Gustavo P\u00e9rez el viernes&nbsp;15 de marzo a las 18:00 horas, en la Sala 9 del MAEV, recinto ubicado en Oriente 4 n\u00famero 1262, entre las calles Sur 23 y 24, en el centro de Orizaba, Veracruz.&nbsp;<\/p>\n","protected":false},"excerpt":{"rendered":"<p>Visitas: 0 En el&nbsp;Museo de Arte del Estado de Veracruz&nbsp;se presenta la exposici\u00f3n retrospectiva&nbsp;Gustavo P\u00e9rez. Obra reciente y colaboraciones, recorrido visual que narra a trav\u00e9s de su obra, parte de su devenir art\u00edstico durante las dos \u00faltimas d\u00e9cadas de producci\u00f3n del reconocido ceramista mexicano. La inauguraci\u00f3n tendr\u00e1 lugar el viernes 15 de marzo a las [&hellip;]<\/p>\n","protected":false},"author":2,"featured_media":206932,"comment_status":"open","ping_status":"open","sticky":false,"template":"","format":"standard","meta":{"footnotes":""},"categories":[237,236],"tags":[],"class_list":{"0":"post-206931","1":"post","2":"type-post","3":"status-publish","4":"format-standard","5":"has-post-thumbnail","7":"category-xalapa","8":"category-zona-centro"},"nelio_content":{"isAutoShareEnabled":true,"autoShareEndMode":"never","automationSources":{"useCustomSentences":false,"customSentences":[]},"followers":[],"suggestedReferences":[],"efiUrl":"","efiAlt":"","highlights":[],"permalinkQueryArgs":[],"series":[]},"_links":{"self":[{"href":"https:\/\/www.enteratever.com\/2023\/wp-json\/wp\/v2\/posts\/206931","targetHints":{"allow":["GET"]}}],"collection":[{"href":"https:\/\/www.enteratever.com\/2023\/wp-json\/wp\/v2\/posts"}],"about":[{"href":"https:\/\/www.enteratever.com\/2023\/wp-json\/wp\/v2\/types\/post"}],"author":[{"embeddable":true,"href":"https:\/\/www.enteratever.com\/2023\/wp-json\/wp\/v2\/users\/2"}],"replies":[{"embeddable":true,"href":"https:\/\/www.enteratever.com\/2023\/wp-json\/wp\/v2\/comments?post=206931"}],"version-history":[{"count":1,"href":"https:\/\/www.enteratever.com\/2023\/wp-json\/wp\/v2\/posts\/206931\/revisions"}],"predecessor-version":[{"id":206935,"href":"https:\/\/www.enteratever.com\/2023\/wp-json\/wp\/v2\/posts\/206931\/revisions\/206935"}],"wp:featuredmedia":[{"embeddable":true,"href":"https:\/\/www.enteratever.com\/2023\/wp-json\/wp\/v2\/media\/206932"}],"wp:attachment":[{"href":"https:\/\/www.enteratever.com\/2023\/wp-json\/wp\/v2\/media?parent=206931"}],"wp:term":[{"taxonomy":"category","embeddable":true,"href":"https:\/\/www.enteratever.com\/2023\/wp-json\/wp\/v2\/categories?post=206931"},{"taxonomy":"post_tag","embeddable":true,"href":"https:\/\/www.enteratever.com\/2023\/wp-json\/wp\/v2\/tags?post=206931"}],"curies":[{"name":"wp","href":"https:\/\/api.w.org\/{rel}","templated":true}]}}