{"id":206922,"date":"2024-03-13T09:14:00","date_gmt":"2024-03-13T15:14:00","guid":{"rendered":"https:\/\/www.enteratever.com\/2023\/?p=206922"},"modified":"2024-03-13T09:14:01","modified_gmt":"2024-03-13T15:14:01","slug":"invita-secver-a-participar-en-la-convocatoria-pacmyc-2024","status":"publish","type":"post","link":"https:\/\/www.enteratever.com\/2023\/2024\/03\/13\/invita-secver-a-participar-en-la-convocatoria-pacmyc-2024\/","title":{"rendered":"Invita SECVER a participar en la convocatoria PACMyC 2024"},"content":{"rendered":"<p>Visitas: 5<\/p>\n<p>La Secretar\u00eda de Cultura federal, a trav\u00e9s de la Direcci\u00f3n General de Culturas Populares, Ind\u00edgenas y Urbanas, en coordinaci\u00f3n con la Secretar\u00eda de Cultura de Veracruz, convocan a todas las personas interesadas a participar en el&nbsp;<strong>Programa de Apoyos a las Culturas Municipales y Comunitarias (PACMyC)&nbsp;<\/strong>en su edici\u00f3n&nbsp;2024. El periodo de recepci\u00f3n de las propuestas se encuentra abierto y concluye el d\u00eda mi\u00e9rcoles 22 de mayo a las 15:00 horas, tiempo del centro de M\u00e9xico.<\/p>\n\n\n\n<p>La convocatoria est\u00e1 dirigida a las personas portadoras de la cultura popular que habiten en localidades del \u00e1mbito rural, urbano o mixto y que, de forma colectiva, est\u00e9n interesadas en desarrollar un proyecto cultural comunitario. Ser\u00e1n recibidos los proyectos culturales presentados por grupos sociales informales (que no est\u00e1n constituidos legalmente), los cuales est\u00e9n integrados por un m\u00ednimo de cinco personas mayores de 18 a\u00f1os que habiten y sean reconocidos en la comunidad en la que se proponen incidir.<\/p>\n\n\n\n<p>El&nbsp;<strong>PACMyC&nbsp;<\/strong>tiene como principal objetivo la preservaci\u00f3n y el desarrollo de la diversidad cultural de las comunidades y municipios de las diferentes entidades federativas mediante el financiamiento de proyectos culturales comunitarios enfocados a la creatividad, la autogesti\u00f3n, la investigaci\u00f3n y la realizaci\u00f3n de otras actividades en el \u00e1mbito local. Las propuestas deber\u00e1n plantear acciones encaminadas a la identificaci\u00f3n, documentaci\u00f3n, registro, recuperaci\u00f3n, transmisi\u00f3n, preservaci\u00f3n y promoci\u00f3n o difusi\u00f3n de la cultura comunitaria en alguno de los siguientes \u00e1mbitos:&nbsp;<strong>lenguas nacionales<\/strong>;<strong>&nbsp;arte popular tradicional y contempor\u00e1neo<\/strong>;<strong>&nbsp;pr\u00e1cticas sociales<\/strong>,<strong>&nbsp;rituales y actos festivos<\/strong>;<strong>&nbsp;conocimiento y usos relacionados con la naturaleza y el universo<\/strong>;&nbsp;<strong>sistemas de normas de convivencia social<\/strong>&nbsp;y&nbsp;<strong>cultura de paz<\/strong>.<\/p>\n\n\n\n<p>Las propuestas no relacionadas directamente con alguno de los \u00e1mbitos antes se\u00f1alados tambi\u00e9n ser\u00e1n revisadas por el comit\u00e9 dictaminador de esta emisi\u00f3n, quienes evaluar\u00e1n su pertinencia. Los proyectos seleccionados recibir\u00e1n un est\u00edmulo&nbsp; econ\u00f3mico para la realizaci\u00f3n del mismo.<\/p>\n\n\n\n<p>El periodo para el registro de las propuestas se encuentra abierto y cierra el d\u00eda&nbsp;<strong>mi\u00e9rcoles<\/strong>&nbsp;<strong>22 de mayo a las 15:00<\/strong><strong>&nbsp;horas<\/strong>. Consulta los detalles en la p\u00e1gina de la SECVER:&nbsp;<a href=\"http:\/\/www.culturaveracruz.gob.mx\/\">www.culturaveracruz.gob.mx<\/a>, y las redes sociales&nbsp;<a href=\"https:\/\/www.facebook.com\/SECVERoficial\">@SECVERoficial<\/a>&nbsp;y&nbsp;<a href=\"https:\/\/www.facebook.com\/DesarrolloCulturalRegionalSECVER\/\">@DesarrolloCulturalRegionalSECVER<\/a>.&nbsp;Para solicitar mayor informaci\u00f3n, las personas interesadas podr\u00e1n dirigirse a las Unidades Regionales de Culturas Populares, as\u00ed como a la Secretar\u00eda de Cultura de Veracruz, a trav\u00e9s de los siguientes datos de contacto:<\/p>\n\n\n\n<ul class=\"wp-block-list\">\n<li><strong>Secretar\u00eda de Cultura de Veracruz<\/strong><\/li>\n<\/ul>\n\n\n\n<p>pacmyc.veracruz@ivec.gob.mx | Tel\u00e9fono: 229.931.6994 | ext.1133<\/p>\n\n\n\n<ul class=\"wp-block-list\">\n<li><strong>Unidad Regional de Soconusco, Veracruz<\/strong><\/li>\n<\/ul>\n\n\n\n<p>eroblesfernandez@cultura.gob.mx | Tel\u00e9fonos:&nbsp; 274.741.4878 y 924.179.5216<\/p>\n\n\n\n<ul class=\"wp-block-list\">\n<li><strong>Unidad Regional Papantla, Veracruz<\/strong><\/li>\n<\/ul>\n\n\n\n<p>pacmycurp@hotmail.com | Tel\u00e9fono: 784.842.7932<\/p>\n\n\n\n<ul class=\"wp-block-list\">\n<li><strong>Unidad Regional Xalapa, Veracruz<\/strong><\/li>\n<\/ul>\n\n\n\n<p>pacmycxalapa@hotmail.com | Tel\u00e9fono: 228.815.6237<\/p>\n","protected":false},"excerpt":{"rendered":"<p>Visitas: 5 La Secretar\u00eda de Cultura federal, a trav\u00e9s de la Direcci\u00f3n General de Culturas Populares, Ind\u00edgenas y Urbanas, en coordinaci\u00f3n con la Secretar\u00eda de Cultura de Veracruz, convocan a todas las personas interesadas a participar en el&nbsp;Programa de Apoyos a las Culturas Municipales y Comunitarias (PACMyC)&nbsp;en su edici\u00f3n&nbsp;2024. El periodo de recepci\u00f3n de las [&hellip;]<\/p>\n","protected":false},"author":2,"featured_media":206923,"comment_status":"open","ping_status":"open","sticky":false,"template":"","format":"standard","meta":{"footnotes":""},"categories":[237,236],"tags":[],"class_list":{"0":"post-206922","1":"post","2":"type-post","3":"status-publish","4":"format-standard","5":"has-post-thumbnail","7":"category-xalapa","8":"category-zona-centro"},"nelio_content":{"isAutoShareEnabled":true,"autoShareEndMode":"never","automationSources":{"useCustomSentences":false,"customSentences":[]},"followers":[],"suggestedReferences":[],"efiUrl":"","efiAlt":"","highlights":[],"permalinkQueryArgs":[],"series":[]},"_links":{"self":[{"href":"https:\/\/www.enteratever.com\/2023\/wp-json\/wp\/v2\/posts\/206922","targetHints":{"allow":["GET"]}}],"collection":[{"href":"https:\/\/www.enteratever.com\/2023\/wp-json\/wp\/v2\/posts"}],"about":[{"href":"https:\/\/www.enteratever.com\/2023\/wp-json\/wp\/v2\/types\/post"}],"author":[{"embeddable":true,"href":"https:\/\/www.enteratever.com\/2023\/wp-json\/wp\/v2\/users\/2"}],"replies":[{"embeddable":true,"href":"https:\/\/www.enteratever.com\/2023\/wp-json\/wp\/v2\/comments?post=206922"}],"version-history":[{"count":1,"href":"https:\/\/www.enteratever.com\/2023\/wp-json\/wp\/v2\/posts\/206922\/revisions"}],"predecessor-version":[{"id":206926,"href":"https:\/\/www.enteratever.com\/2023\/wp-json\/wp\/v2\/posts\/206922\/revisions\/206926"}],"wp:featuredmedia":[{"embeddable":true,"href":"https:\/\/www.enteratever.com\/2023\/wp-json\/wp\/v2\/media\/206923"}],"wp:attachment":[{"href":"https:\/\/www.enteratever.com\/2023\/wp-json\/wp\/v2\/media?parent=206922"}],"wp:term":[{"taxonomy":"category","embeddable":true,"href":"https:\/\/www.enteratever.com\/2023\/wp-json\/wp\/v2\/categories?post=206922"},{"taxonomy":"post_tag","embeddable":true,"href":"https:\/\/www.enteratever.com\/2023\/wp-json\/wp\/v2\/tags?post=206922"}],"curies":[{"name":"wp","href":"https:\/\/api.w.org\/{rel}","templated":true}]}}