{"id":206920,"date":"2024-03-13T09:14:10","date_gmt":"2024-03-13T15:14:10","guid":{"rendered":"https:\/\/www.enteratever.com\/2023\/?p=206920"},"modified":"2024-03-13T09:14:11","modified_gmt":"2024-03-13T15:14:11","slug":"disfruta-los-ultimos-dias-de-la-exposicion-semillas-de-arena-y-mar-obra-de-alejandra-espana-en-el-exconvento-betlehemita","status":"publish","type":"post","link":"https:\/\/www.enteratever.com\/2023\/2024\/03\/13\/disfruta-los-ultimos-dias-de-la-exposicion-semillas-de-arena-y-mar-obra-de-alejandra-espana-en-el-exconvento-betlehemita\/","title":{"rendered":"Disfruta los \u00faltimos d\u00edas de la exposici\u00f3n Semillas de arena y mar, obra de Alejandra Espa\u00f1a, en el Exconvento Betlehemita"},"content":{"rendered":"<p>Visitas: 1<\/p>\n<p>El&nbsp;<strong>Centro Cultural Exconvento Betlehemita<\/strong>&nbsp;invita a disfrutar de los \u00faltimos d\u00edas de la exposici\u00f3n&nbsp;<strong><em>Semillas de arena y mar<\/em><\/strong>, obra de la artista pl\u00e1stica mexicana Alejandra Espa\u00f1a. La muestra podr\u00e1 visitarse hasta el domingo 17 de marzo, de martes a domingo, de 10:00 a 19:00 horas, en la sala Ida Rodr\u00edguez Prampolini del recinto sede de la SECVER. La entrada es gratuita.<\/p>\n\n\n\n<p>Desde su inauguraci\u00f3n, en diciembre del a\u00f1o pasado,&nbsp;<strong><em>Semillas de arena y mar<\/em><\/strong>&nbsp;ha contado con una importante afluencia de visitantes nacionales y extranjeros, grupos de ni\u00f1as, ni\u00f1os, j\u00f3venes y personas adultas, as\u00ed como de la comunidad sorda, a quienes se les brindaron recorridos en Lengua de Se\u00f1as Mexicana (LSM). Esta colecci\u00f3n forma parte del proyecto art\u00edstico \u201cEl centro es su periferia\u201d, investigaci\u00f3n pict\u00f3rica de car\u00e1cter abstracto en la que Alejandra Espa\u00f1a plantea una relaci\u00f3n entre lo humano y el entorno natural, estrechando lazos con la cosmogon\u00eda de los pueblos originarios mexicanos \u201cen pos de imaginar otro mundo posible\u201d.<\/p>\n\n\n\n<p>A trav\u00e9s de referencia a la biodiversidad, al hogar y a un pasado tot\u00e9mico, la artista mexicana, miembro del Sistema Nacional de Creadores de Arte, construye ambientes en los que danzan el color y la luz con una porosidad que es \u00fanica y universalmente simb\u00f3lica a la vez.&nbsp;La experiencia que presenta proviene de sus visitas a El Desemboque, Sonora, territorio habitado por los comcaac, pueblo con una vida semin\u00f3mada y en profunda conexi\u00f3n con el mar.<\/p>\n\n\n\n<p>La&nbsp;<strong>Secretar\u00eda de Cultura de Veracruz<\/strong>&nbsp;reitera la invitaci\u00f3n a visitar la exposici\u00f3n&nbsp;<strong><em>Semillas de arena y mar<\/em><\/strong>, que se encontrar\u00e1 disponible en la sala Ida Rodr\u00edguez Prampolini del&nbsp;<strong>Centro Cultural<\/strong>&nbsp;<strong>Exconvento Betlehemita<\/strong>, de martes a domingo, de 10:00 a 19:00 horas, hasta el pr\u00f3ximo domingo 17 de marzo.&nbsp;<\/p>\n","protected":false},"excerpt":{"rendered":"<p>Visitas: 1 El&nbsp;Centro Cultural Exconvento Betlehemita&nbsp;invita a disfrutar de los \u00faltimos d\u00edas de la exposici\u00f3n&nbsp;Semillas de arena y mar, obra de la artista pl\u00e1stica mexicana Alejandra Espa\u00f1a. La muestra podr\u00e1 visitarse hasta el domingo 17 de marzo, de martes a domingo, de 10:00 a 19:00 horas, en la sala Ida Rodr\u00edguez Prampolini del recinto sede [&hellip;]<\/p>\n","protected":false},"author":2,"featured_media":206924,"comment_status":"open","ping_status":"open","sticky":false,"template":"","format":"standard","meta":{"footnotes":""},"categories":[237,236],"tags":[],"class_list":{"0":"post-206920","1":"post","2":"type-post","3":"status-publish","4":"format-standard","5":"has-post-thumbnail","7":"category-xalapa","8":"category-zona-centro"},"nelio_content":{"isAutoShareEnabled":true,"autoShareEndMode":"never","automationSources":{"useCustomSentences":false,"customSentences":[]},"followers":[],"suggestedReferences":[],"efiUrl":"","efiAlt":"","highlights":[],"permalinkQueryArgs":[],"series":[]},"_links":{"self":[{"href":"https:\/\/www.enteratever.com\/2023\/wp-json\/wp\/v2\/posts\/206920","targetHints":{"allow":["GET"]}}],"collection":[{"href":"https:\/\/www.enteratever.com\/2023\/wp-json\/wp\/v2\/posts"}],"about":[{"href":"https:\/\/www.enteratever.com\/2023\/wp-json\/wp\/v2\/types\/post"}],"author":[{"embeddable":true,"href":"https:\/\/www.enteratever.com\/2023\/wp-json\/wp\/v2\/users\/2"}],"replies":[{"embeddable":true,"href":"https:\/\/www.enteratever.com\/2023\/wp-json\/wp\/v2\/comments?post=206920"}],"version-history":[{"count":1,"href":"https:\/\/www.enteratever.com\/2023\/wp-json\/wp\/v2\/posts\/206920\/revisions"}],"predecessor-version":[{"id":206927,"href":"https:\/\/www.enteratever.com\/2023\/wp-json\/wp\/v2\/posts\/206920\/revisions\/206927"}],"wp:featuredmedia":[{"embeddable":true,"href":"https:\/\/www.enteratever.com\/2023\/wp-json\/wp\/v2\/media\/206924"}],"wp:attachment":[{"href":"https:\/\/www.enteratever.com\/2023\/wp-json\/wp\/v2\/media?parent=206920"}],"wp:term":[{"taxonomy":"category","embeddable":true,"href":"https:\/\/www.enteratever.com\/2023\/wp-json\/wp\/v2\/categories?post=206920"},{"taxonomy":"post_tag","embeddable":true,"href":"https:\/\/www.enteratever.com\/2023\/wp-json\/wp\/v2\/tags?post=206920"}],"curies":[{"name":"wp","href":"https:\/\/api.w.org\/{rel}","templated":true}]}}