{"id":206911,"date":"2024-03-12T17:09:18","date_gmt":"2024-03-12T23:09:18","guid":{"rendered":"https:\/\/www.enteratever.com\/2023\/?p=206911"},"modified":"2024-03-12T17:09:20","modified_gmt":"2024-03-12T23:09:20","slug":"fernanda-ferral-asegura-no-tener-confianza-en-la-fge","status":"publish","type":"post","link":"https:\/\/www.enteratever.com\/2023\/2024\/03\/12\/fernanda-ferral-asegura-no-tener-confianza-en-la-fge\/","title":{"rendered":"Fernanda Ferral asegura no tener confianza en la FGE"},"content":{"rendered":"<p>Visitas: 11<\/p>\n<p>Hubo varios fallos en el asunto de su madre la reportara Mar\u00eda Elena Ferral<\/p>\n\n\n\n<p>A casi cuatro a\u00f1os de estar continuando el proceso y tras realizarse una audiencia de revisi\u00f3n de un juicio oral en el asunto judicial sobre el homicidio de la extinta periodista Mar\u00eda Elena Ferral Hern\u00e1ndez, su hija la tambi\u00e9n periodista Mar\u00eda Fernanda de Luna Ferral se\u00f1alo que no hay confianza en la Fiscal\u00eda General del Estado ni tampoco el Poder Judicial de Veracruz<\/p>\n\n\n\n<p>Aseguro que hay errores cometidos por las autoridades judiciales donde se ocasion\u00f3 la liberaci\u00f3n de uno de los presuntos implicados como autor material<\/p>\n\n\n\n<p>De Luna Ferral al salir de la audiencia declaro que el caso judicial, podria tomar un nuevo rumbo, por lo que c\u00f3mo v\u00edctima indirecta teme que no haya justicia en el caso de su madre<\/p>\n\n\n\n<p>Asimismo lamento el error de fiscal\u00eda por exonerar a un implicado y de no poder probar su participaci\u00f3n en los acontecimientos que impactaron a la sociedad papanteca<\/p>\n","protected":false},"excerpt":{"rendered":"<p>Visitas: 11 Hubo varios fallos en el asunto de su madre la reportara Mar\u00eda Elena Ferral A casi cuatro a\u00f1os de estar continuando el proceso y tras realizarse una audiencia de revisi\u00f3n de un juicio oral en el asunto judicial sobre el homicidio de la extinta periodista Mar\u00eda Elena Ferral Hern\u00e1ndez, su hija la tambi\u00e9n [&hellip;]<\/p>\n","protected":false},"author":3,"featured_media":206912,"comment_status":"open","ping_status":"open","sticky":false,"template":"","format":"standard","meta":{"footnotes":""},"categories":[215,219],"tags":[41],"class_list":{"0":"post-206911","1":"post","2":"type-post","3":"status-publish","4":"format-standard","5":"has-post-thumbnail","7":"category-papantla","8":"category-zona-norte","9":"tag-portada"},"nelio_content":{"isAutoShareEnabled":true,"autoShareEndMode":"never","automationSources":{"useCustomSentences":false,"customSentences":[]},"followers":[],"suggestedReferences":[],"efiUrl":"","efiAlt":"","highlights":[],"permalinkQueryArgs":[],"series":[]},"_links":{"self":[{"href":"https:\/\/www.enteratever.com\/2023\/wp-json\/wp\/v2\/posts\/206911","targetHints":{"allow":["GET"]}}],"collection":[{"href":"https:\/\/www.enteratever.com\/2023\/wp-json\/wp\/v2\/posts"}],"about":[{"href":"https:\/\/www.enteratever.com\/2023\/wp-json\/wp\/v2\/types\/post"}],"author":[{"embeddable":true,"href":"https:\/\/www.enteratever.com\/2023\/wp-json\/wp\/v2\/users\/3"}],"replies":[{"embeddable":true,"href":"https:\/\/www.enteratever.com\/2023\/wp-json\/wp\/v2\/comments?post=206911"}],"version-history":[{"count":1,"href":"https:\/\/www.enteratever.com\/2023\/wp-json\/wp\/v2\/posts\/206911\/revisions"}],"predecessor-version":[{"id":206913,"href":"https:\/\/www.enteratever.com\/2023\/wp-json\/wp\/v2\/posts\/206911\/revisions\/206913"}],"wp:featuredmedia":[{"embeddable":true,"href":"https:\/\/www.enteratever.com\/2023\/wp-json\/wp\/v2\/media\/206912"}],"wp:attachment":[{"href":"https:\/\/www.enteratever.com\/2023\/wp-json\/wp\/v2\/media?parent=206911"}],"wp:term":[{"taxonomy":"category","embeddable":true,"href":"https:\/\/www.enteratever.com\/2023\/wp-json\/wp\/v2\/categories?post=206911"},{"taxonomy":"post_tag","embeddable":true,"href":"https:\/\/www.enteratever.com\/2023\/wp-json\/wp\/v2\/tags?post=206911"}],"curies":[{"name":"wp","href":"https:\/\/api.w.org\/{rel}","templated":true}]}}