{"id":206886,"date":"2024-03-12T14:09:10","date_gmt":"2024-03-12T20:09:10","guid":{"rendered":"https:\/\/www.enteratever.com\/2023\/?p=206886"},"modified":"2024-03-12T14:09:12","modified_gmt":"2024-03-12T20:09:12","slug":"policia-que-disparo-a-normalista-se-dio-a-la-fuga-revela-amlo","status":"publish","type":"post","link":"https:\/\/www.enteratever.com\/2023\/2024\/03\/12\/policia-que-disparo-a-normalista-se-dio-a-la-fuga-revela-amlo\/","title":{"rendered":"Polic\u00eda que dispar\u00f3 a normalista se dio a la fuga, revela AMLO"},"content":{"rendered":"<p>Visitas: 0<\/p>\n<p>El presidente Andr\u00e9s Manuel L\u00f3pez Obrador revel\u00f3 este martes que el polic\u00eda que le dispar\u00f3 al normalista de Ayotzinapa el pasado 7 de marzo se dio a la fuga.<\/p>\n\n\n\n<p>En conferencia de prensa ma\u00f1anera, el presidente reiter\u00f3 que no habr\u00e1 impunidad.<\/p>\n\n\n\n<p>\u00abAyer&nbsp;<strong>el presunto responsable del asesinato del joven de la normal de Ayotzinapa, se fug\u00f3, el polic\u00eda, y se est\u00e1 haciendo la investigaci\u00f3n, desde luego la b\u00fasqueda y se van a fincar responsabilidades<\/strong>&nbsp;(&#8230;) Es parte de esta descomposici\u00f3n que se est\u00e1 enfrentando y de los intereses que est\u00e1n de por medio. Vamos a hacer la investigaci\u00f3n a fondo y se va a intensificar la b\u00fasqueda de este polic\u00eda. Pido a toda la gente de Guerrero, de la regi\u00f3n de Chilpancingo que nos ayuden, porque necesitamos detenerlo. Ya se est\u00e1 actuando\u201d, indic\u00f3.<\/p>\n\n\n\n<p>Lo anterior se da luego de que normalistas exigieran al presidente Andr\u00e9s Manuel L\u00f3pez Obrador, la destituci\u00f3n del secretario de Seguridad P\u00fablica en el estado de Guerrero, Rolando Solano, tras el reciente asesinato del joven normalista Yanqui Kothan G\u00f3mez Peralta el pasado 7 de marzo.<\/p>\n","protected":false},"excerpt":{"rendered":"<p>Visitas: 0 El presidente Andr\u00e9s Manuel L\u00f3pez Obrador revel\u00f3 este martes que el polic\u00eda que le dispar\u00f3 al normalista de Ayotzinapa el pasado 7 de marzo se dio a la fuga. En conferencia de prensa ma\u00f1anera, el presidente reiter\u00f3 que no habr\u00e1 impunidad. \u00abAyer&nbsp;el presunto responsable del asesinato del joven de la normal de Ayotzinapa, [&hellip;]<\/p>\n","protected":false},"author":2,"featured_media":202325,"comment_status":"open","ping_status":"open","sticky":false,"template":"","format":"standard","meta":{"footnotes":""},"categories":[252],"tags":[],"class_list":{"0":"post-206886","1":"post","2":"type-post","3":"status-publish","4":"format-standard","5":"has-post-thumbnail","7":"category-nacionales"},"nelio_content":{"isAutoShareEnabled":true,"autoShareEndMode":"never","automationSources":{"useCustomSentences":false,"customSentences":[]},"followers":[],"suggestedReferences":[],"efiUrl":"","efiAlt":"","highlights":[],"permalinkQueryArgs":[],"series":[]},"_links":{"self":[{"href":"https:\/\/www.enteratever.com\/2023\/wp-json\/wp\/v2\/posts\/206886","targetHints":{"allow":["GET"]}}],"collection":[{"href":"https:\/\/www.enteratever.com\/2023\/wp-json\/wp\/v2\/posts"}],"about":[{"href":"https:\/\/www.enteratever.com\/2023\/wp-json\/wp\/v2\/types\/post"}],"author":[{"embeddable":true,"href":"https:\/\/www.enteratever.com\/2023\/wp-json\/wp\/v2\/users\/2"}],"replies":[{"embeddable":true,"href":"https:\/\/www.enteratever.com\/2023\/wp-json\/wp\/v2\/comments?post=206886"}],"version-history":[{"count":1,"href":"https:\/\/www.enteratever.com\/2023\/wp-json\/wp\/v2\/posts\/206886\/revisions"}],"predecessor-version":[{"id":206887,"href":"https:\/\/www.enteratever.com\/2023\/wp-json\/wp\/v2\/posts\/206886\/revisions\/206887"}],"wp:featuredmedia":[{"embeddable":true,"href":"https:\/\/www.enteratever.com\/2023\/wp-json\/wp\/v2\/media\/202325"}],"wp:attachment":[{"href":"https:\/\/www.enteratever.com\/2023\/wp-json\/wp\/v2\/media?parent=206886"}],"wp:term":[{"taxonomy":"category","embeddable":true,"href":"https:\/\/www.enteratever.com\/2023\/wp-json\/wp\/v2\/categories?post=206886"},{"taxonomy":"post_tag","embeddable":true,"href":"https:\/\/www.enteratever.com\/2023\/wp-json\/wp\/v2\/tags?post=206886"}],"curies":[{"name":"wp","href":"https:\/\/api.w.org\/{rel}","templated":true}]}}