{"id":206885,"date":"2024-03-12T14:09:32","date_gmt":"2024-03-12T20:09:32","guid":{"rendered":"https:\/\/www.enteratever.com\/2023\/?p=206885"},"modified":"2024-03-12T14:09:35","modified_gmt":"2024-03-12T20:09:35","slug":"amlo-pide-aplazar-las-reformas-del-aguinaldo-paternidad-y-la-jornada-laboral","status":"publish","type":"post","link":"https:\/\/www.enteratever.com\/2023\/2024\/03\/12\/amlo-pide-aplazar-las-reformas-del-aguinaldo-paternidad-y-la-jornada-laboral\/","title":{"rendered":"AMLO pide aplazar las reformas del aguinaldo, paternidad y la jornada laboral"},"content":{"rendered":"<p>Visitas: 0<\/p>\n<p>El presidente mexicano, Andr\u00e9s Manuel L\u00f3pez Obrador, pidi\u00f3 este martes&nbsp;<strong>aplazar&nbsp;<\/strong>hasta despu\u00e9s de las elecciones del 2 de junio la discusi\u00f3n en el Congreso de las<strong>&nbsp;reformas que duplicar\u00edan el aguinaldo, extender\u00edan la licencia de paternidad y reducir\u00edan a 40 horas semanales la jornada laboral.<\/strong><\/p>\n\n\n\n<p>\u00abYo soy partidiario de que se espere a que el pueblo elija porque ahora hay mucha demagogia\u00bb, manifest\u00f3 el mandatario en su conferencia matutina.<\/p>\n\n\n\n<p>El gobernante mexicano respondi\u00f3 a cuestionamientos de la prensa sobre el escaso avance de estas reformas sobre derechos laborales en el Congreso pese a que su partido, el Movimiento Regeneraci\u00f3n Nacional (Morena), y sus aliados tienen la mayor\u00eda.<\/p>\n\n\n\n<p>Apenas la semana pasada, las comisiones unidas del Trabajo y Previsi\u00f3n Social y de Estudios Legislativos&nbsp;<strong>avalaron una reforma que incrementar\u00eda de cinco d\u00edas actuales a un total de 20 la licencia de paternidad que pueden solicitar los hombres,<\/strong>&nbsp;<strong>pero la Secretar\u00eda de Hacienda del Gobierno pidi\u00f3 achicar la propuesta a 10 d\u00edas.<\/strong><\/p>\n\n\n\n<p>Mientras que la Comisi\u00f3n de Trabajo y Previsi\u00f3n Social del Senado<strong>&nbsp;aprob\u00f3 el mes pasado un dictamen que elevar\u00eda de 15 a 30 d\u00edas de sueldo el aguinaldo o bono obligatorio de fin de a\u00f1o<\/strong>, lo que despert\u00f3 cr\u00edticas de la Confederaci\u00f3n Patronal de la Rep\u00fablica Mexicana (Coparmex).<\/p>\n\n\n\n<p>Y tambi\u00e9n en febrero, la diputada Susana Prieto, autora de la&nbsp;<strong>reforma que busca reducir la jornada laboral de 48 a 40 horas semanale<\/strong>s, renunci\u00f3 a Morena ante la falta de apoyo del partido del presidente a la iniciativa, que deb\u00eda discutirse en el pleno el a\u00f1o pasado.<\/p>\n\n\n\n<p>El presidente rechaz\u00f3 que su partido haya abandonado las causas laborales, pero insisti\u00f3 en que&nbsp;<strong>primero deben ocurrir las elecciones del 2 de junio, cuando se renovar\u00e1 la presidencia del pa\u00eds, los 500 esca\u00f1os de la C\u00e1mara de Diputados y los 128 del Senado.<\/strong><\/p>\n\n\n\n<p>\u201cVamos a esperar a ver qu\u00e9 dice la gente. No (una consulta popular), ya que pasen (las elecciones). Es que abundan los ofrecimientos demag\u00f3gicos, no puedo hablar de eso, pero la gente se da cuenta, perfectamente\u201d, sostuvo.<\/p>\n","protected":false},"excerpt":{"rendered":"<p>Visitas: 0 El presidente mexicano, Andr\u00e9s Manuel L\u00f3pez Obrador, pidi\u00f3 este martes&nbsp;aplazar&nbsp;hasta despu\u00e9s de las elecciones del 2 de junio la discusi\u00f3n en el Congreso de las&nbsp;reformas que duplicar\u00edan el aguinaldo, extender\u00edan la licencia de paternidad y reducir\u00edan a 40 horas semanales la jornada laboral. \u00abYo soy partidiario de que se espere a que el [&hellip;]<\/p>\n","protected":false},"author":2,"featured_media":184578,"comment_status":"open","ping_status":"open","sticky":false,"template":"","format":"standard","meta":{"footnotes":""},"categories":[252],"tags":[],"class_list":{"0":"post-206885","1":"post","2":"type-post","3":"status-publish","4":"format-standard","5":"has-post-thumbnail","7":"category-nacionales"},"nelio_content":{"isAutoShareEnabled":true,"autoShareEndMode":"never","automationSources":{"useCustomSentences":false,"customSentences":[]},"followers":[],"suggestedReferences":[],"efiUrl":"","efiAlt":"","highlights":[],"permalinkQueryArgs":[],"series":[]},"_links":{"self":[{"href":"https:\/\/www.enteratever.com\/2023\/wp-json\/wp\/v2\/posts\/206885","targetHints":{"allow":["GET"]}}],"collection":[{"href":"https:\/\/www.enteratever.com\/2023\/wp-json\/wp\/v2\/posts"}],"about":[{"href":"https:\/\/www.enteratever.com\/2023\/wp-json\/wp\/v2\/types\/post"}],"author":[{"embeddable":true,"href":"https:\/\/www.enteratever.com\/2023\/wp-json\/wp\/v2\/users\/2"}],"replies":[{"embeddable":true,"href":"https:\/\/www.enteratever.com\/2023\/wp-json\/wp\/v2\/comments?post=206885"}],"version-history":[{"count":1,"href":"https:\/\/www.enteratever.com\/2023\/wp-json\/wp\/v2\/posts\/206885\/revisions"}],"predecessor-version":[{"id":206888,"href":"https:\/\/www.enteratever.com\/2023\/wp-json\/wp\/v2\/posts\/206885\/revisions\/206888"}],"wp:featuredmedia":[{"embeddable":true,"href":"https:\/\/www.enteratever.com\/2023\/wp-json\/wp\/v2\/media\/184578"}],"wp:attachment":[{"href":"https:\/\/www.enteratever.com\/2023\/wp-json\/wp\/v2\/media?parent=206885"}],"wp:term":[{"taxonomy":"category","embeddable":true,"href":"https:\/\/www.enteratever.com\/2023\/wp-json\/wp\/v2\/categories?post=206885"},{"taxonomy":"post_tag","embeddable":true,"href":"https:\/\/www.enteratever.com\/2023\/wp-json\/wp\/v2\/tags?post=206885"}],"curies":[{"name":"wp","href":"https:\/\/api.w.org\/{rel}","templated":true}]}}