{"id":206882,"date":"2024-03-12T14:06:09","date_gmt":"2024-03-12T20:06:09","guid":{"rendered":"https:\/\/www.enteratever.com\/2023\/?p=206882"},"modified":"2024-03-12T14:06:11","modified_gmt":"2024-03-12T20:06:11","slug":"tercer-alerta-por-desaparicion-de-mujeres-en-veracruz-ya-respondimos-al-informe-dice-el-gobernador","status":"publish","type":"post","link":"https:\/\/www.enteratever.com\/2023\/2024\/03\/12\/tercer-alerta-por-desaparicion-de-mujeres-en-veracruz-ya-respondimos-al-informe-dice-el-gobernador\/","title":{"rendered":"Tercer alerta por desaparici\u00f3n de mujeres en Veracruz: Ya respondimos al informe, dice el gobernador"},"content":{"rendered":"<p>Visitas: 0<\/p>\n<p>El gobernador de Veracruz, Cuitl\u00e1huac Garc\u00eda Jim\u00e9nez, inform\u00f3 que ya contest\u00f3 a la Secretar\u00eda de Gobernaci\u00f3n sobre los puntos de recomendaci\u00f3n respecto a la solicitud de alerta por la desaparici\u00f3n de mujeres, ni\u00f1as y adolescentes en Veracruz, pero \u201c no en esos t\u00e9rminos\u201d.<\/p>\n\n\n\n<p>Un grupo de organizaciones civiles solicit\u00f3 la alerta por un incremento en los casos de desaparici\u00f3n en 2019 y la Comisi\u00f3n Nacional para Prevenir y Erradicar la Violencia (Conavim), entreg\u00f3 el pasado 7 de febrero al gobierno de Veracruz el informe sobre la problem\u00e1tica y le dio 15 d\u00edas para responder &#8211; fecha que venci\u00f3 el 28 de febrero pasado-.<\/p>\n\n\n\n<p>Seg\u00fan el reglamento, si transcurrido el plazo, la Conavim no recibe respuesta o recibe una respuesta negativa, la Secretar\u00eda de Gobernaci\u00f3n emitir\u00e1 la tercera alerta por violencia en el estado de Veracruz, en esta ocasi\u00f3n por la desaparici\u00f3n de ni\u00f1as, adolescentes y mujeres.<\/p>\n\n\n\n<p>En el informe entregado al gobernador Cuitl\u00e1huac Garc\u00eda, un grupo de expertas acad\u00e9micas emiti\u00f3 nueve conclusiones sobre el tema y advirtieron una falta de coordinaci\u00f3n entre las instituciones, protocolos de b\u00fasqueda que no se aplican y la falta de un diagn\u00f3stico sobre la gravedad de los casos.<\/p>\n\n\n\n<p>Cuestionado sobre el tema, el gobernador dijo: \u201cNosotros estamos haciendo lo que nos corresponde, ya contestamos y hasta que ellos determinen.<\/p>\n\n\n\n<p>No los aceptamos en estos t\u00e9rminos\u201d. Aunque no admiti\u00f3 abiertamente que su gobierno se neg\u00f3 a admitir los puntos recomendatorios, dijo no creer que se emita la alerta al se\u00f1alar que han trabajado para atender los casos de desaparici\u00f3n.<\/p>\n\n\n\n<p>\u201cNo es una cuesti\u00f3n de aceptaci\u00f3n (\u2026) No creo que la vayan a emitir porque el Estado ya no es c\u00f3mplice de la desaparici\u00f3n. Nosotros estamos, al contrario, todas las acciones son para que eso no suceda y localizarlas\u201d, dijo.<\/p>\n\n\n\n<p>En torno a la alerta por violencia feminicida, Garc\u00eda Jim\u00e9nez dijo que ese tema hay responsabilidades municipales, y que por ello deben preguntarle a los alcaldes.<\/p>\n\n\n\n<p>\u201cHay responsabilidades, la alcaldesa de Veracruz es parte de la alerta, preg\u00fantenle a ella y a&nbsp;otros alcaldes.<\/p>\n\n\n\n<p>Estamos pugnando porque los alcaldes tomen acciones. Nosotros ya no somos c\u00f3mplices, la alerta no fue en este gobierno por lo que no hac\u00edan los otros gobernadores\u201d.<\/p>\n\n\n\n<p>En otro tema, indic\u00f3 que la Fiscal\u00eda General de Veracruz (FGE) investiga el caso de la elemento de la Fuerza Civil, cuyo cuerpo fue hallado el s\u00e1bado pasado en el municipio de Emiliano Zapata. Dijo que hay plena colaboraci\u00f3n para dar con el responsable y que por protocolo la investigaci\u00f3n se inicia como feminicidio.<\/p>\n\n\n\n<p>\u201cSe le tiene que hacer justicia. La fiscal nos dio un informe detallado pero me dijo que es reservada porque est\u00e1 avanzando la investigaci\u00f3n y yo instru\u00ed plena colaboraci\u00f3n\u201d.<\/p>\n\n\n\n<p>\u00bfQu\u00e9 dice el informe?<\/p>\n\n\n\n<p>El grupo de expertas realiz\u00f3 entrevistas a organizaciones civiles, instituciones de gobierno y v\u00edctimas indirectas para contrastar la informaci\u00f3n proporcionada.<\/p>\n\n\n\n<p>Derivado de esas visitas emiti\u00f3 decenas de observaciones y recomendaciones al gobierno de Cuitl\u00e1huac Garc\u00eda y a la Fiscal\u00eda de Veracruz.<\/p>\n\n\n\n<p>El informe que es p\u00fablico se\u00f1ala entre otras cosas que: \u201cLa falta de acceso a la justicia es notoria y preocupante y las autoridades no consideran con seriedad la problem\u00e1tica de desaparici\u00f3n como un problema grave que requiere de atenci\u00f3n y participaci\u00f3n de todos los \u00f3rganos de gobierno para combatir esta problem\u00e1tica\u201d.<\/p>\n\n\n\n<p>El grupo de expertas se\u00f1al\u00f3 que contin\u00faa vigente el discurso que reproduce estereotipos de g\u00e9nero en el que se culpabiliza a las mujeres de su desaparici\u00f3n.<\/p>\n\n\n\n<p>\u201c Las v\u00edctimas indirectas manifiestan, que aun cuando no lo tienen documentado, parte de lo que han visto, suponen la existencia de un corredor importante de desaparici\u00f3n de mujeres con fines de trata sexual en Veracruz, Puebla, Estado de M\u00e9xico, Ciudad de M\u00e9xico, llev\u00e1ndolas hacia el estado de Tamaulipas, sum\u00e1ndose el corredor que hay en Coatzacoalcos, Minatitl\u00e1n, Tabasco, Chiapas y hacia el Sur\u201d, se\u00f1ala el informe.<\/p>\n\n\n\n<p>La Comisi\u00f3n Estatal de B\u00fasqueda reconoci\u00f3 que los casos a partir del 2019 crecen de \u201cforma alarmante<\/p>\n","protected":false},"excerpt":{"rendered":"<p>Visitas: 0 El gobernador de Veracruz, Cuitl\u00e1huac Garc\u00eda Jim\u00e9nez, inform\u00f3 que ya contest\u00f3 a la Secretar\u00eda de Gobernaci\u00f3n sobre los puntos de recomendaci\u00f3n respecto a la solicitud de alerta por la desaparici\u00f3n de mujeres, ni\u00f1as y adolescentes en Veracruz, pero \u201c no en esos t\u00e9rminos\u201d. Un grupo de organizaciones civiles solicit\u00f3 la alerta por un [&hellip;]<\/p>\n","protected":false},"author":2,"featured_media":190072,"comment_status":"open","ping_status":"open","sticky":false,"template":"","format":"standard","meta":{"footnotes":""},"categories":[237,236],"tags":[41],"class_list":{"0":"post-206882","1":"post","2":"type-post","3":"status-publish","4":"format-standard","5":"has-post-thumbnail","7":"category-xalapa","8":"category-zona-centro","9":"tag-portada"},"nelio_content":{"isAutoShareEnabled":true,"autoShareEndMode":"never","automationSources":{"useCustomSentences":false,"customSentences":[]},"followers":[],"suggestedReferences":[],"efiUrl":"","efiAlt":"","highlights":[],"permalinkQueryArgs":[],"series":[]},"_links":{"self":[{"href":"https:\/\/www.enteratever.com\/2023\/wp-json\/wp\/v2\/posts\/206882","targetHints":{"allow":["GET"]}}],"collection":[{"href":"https:\/\/www.enteratever.com\/2023\/wp-json\/wp\/v2\/posts"}],"about":[{"href":"https:\/\/www.enteratever.com\/2023\/wp-json\/wp\/v2\/types\/post"}],"author":[{"embeddable":true,"href":"https:\/\/www.enteratever.com\/2023\/wp-json\/wp\/v2\/users\/2"}],"replies":[{"embeddable":true,"href":"https:\/\/www.enteratever.com\/2023\/wp-json\/wp\/v2\/comments?post=206882"}],"version-history":[{"count":1,"href":"https:\/\/www.enteratever.com\/2023\/wp-json\/wp\/v2\/posts\/206882\/revisions"}],"predecessor-version":[{"id":206883,"href":"https:\/\/www.enteratever.com\/2023\/wp-json\/wp\/v2\/posts\/206882\/revisions\/206883"}],"wp:featuredmedia":[{"embeddable":true,"href":"https:\/\/www.enteratever.com\/2023\/wp-json\/wp\/v2\/media\/190072"}],"wp:attachment":[{"href":"https:\/\/www.enteratever.com\/2023\/wp-json\/wp\/v2\/media?parent=206882"}],"wp:term":[{"taxonomy":"category","embeddable":true,"href":"https:\/\/www.enteratever.com\/2023\/wp-json\/wp\/v2\/categories?post=206882"},{"taxonomy":"post_tag","embeddable":true,"href":"https:\/\/www.enteratever.com\/2023\/wp-json\/wp\/v2\/tags?post=206882"}],"curies":[{"name":"wp","href":"https:\/\/api.w.org\/{rel}","templated":true}]}}