{"id":206803,"date":"2024-03-10T09:10:36","date_gmt":"2024-03-10T15:10:36","guid":{"rendered":"https:\/\/www.enteratever.com\/2023\/?p=206803"},"modified":"2024-03-12T09:52:04","modified_gmt":"2024-03-12T15:52:04","slug":"se-mancha-protesta-por-desigualdades-con-agresion-a-periodistas-en-poza-rica","status":"publish","type":"post","link":"https:\/\/www.enteratever.com\/2023\/2024\/03\/10\/se-mancha-protesta-por-desigualdades-con-agresion-a-periodistas-en-poza-rica\/","title":{"rendered":"Se mancha protesta por desigualdades con agresi\u00f3n a periodistas en Poza Rica"},"content":{"rendered":"<p>Visitas: 1<\/p>\n<p>A LA OPINI\u00d3N P\u00daBLICA<\/p>\n\n\n\n<p>\u201cSe mancha protesta por desigualdades con agresi\u00f3n a periodistas en Poza Rica\u201d<\/p>\n\n\n\n<p>Lo que deber\u00eda ser una marcha de protestas contra las desigualdades de g\u00e9nero, bajo el marco conmemorativo del D\u00eda Internacional de la Mujer, lamentablemente se vio manchado por el fanatismo y la agresi\u00f3n de un grupo reducido de f\u00e9minas que en lugar de inspirar denigran a un movimiento que debe aspirar a una sociedad m\u00e1s igualitaria y pac\u00edfica.<\/p>\n\n\n\n<p>El d\u00eda de ayer, en el ejercicio period\u00edstico fuimos agredidos compa\u00f1eras y compa\u00f1eros durante el arranque, desarrollo y termin\u00f3 de la marcha que cubr\u00edamos, como parte del compromiso de informar los hechos que acontecen en este municipio.<\/p>\n\n\n\n<p>Desafortunadamente, no s\u00f3lo qued\u00f3 en insultos e intimidaciones, sino que avanz\u00f3 a publicaciones de una p\u00e1gina de Facebook denominada Comunidad Feminista de Poza Rica, donde exponen una serie de argumentos que por ignorancia resultan atrevidos y peligrosos.<\/p>\n\n\n\n<p>Ante esto, es necesario precisar lo siguiente:<\/p>\n\n\n\n<p>Primero.- Todo suceso (natural, social, pol\u00edtico, etc.), que se desarrolle en la v\u00eda p\u00fablica no necesita acreditaci\u00f3n de un periodista, ser\u00eda rid\u00edculo acreditarnos ante un fen\u00f3meno metereol\u00f3gico, cuando un pol\u00edtico distribuye propaganda en las calles o para reportar un accidente automovil\u00edstico.<\/p>\n\n\n\n<p>Segundo.- La funci\u00f3n principal del periodismo es informar a la sociedad sobre los acontecimientos m\u00e1s importantes, y de esta manera contribuir a la formaci\u00f3n de una opini\u00f3n p\u00fablica cr\u00edtica y bien informada. Los datos informativos son un derecho humano e incluso sirven para toma de decisiones. Ejemplo, optar por v\u00edas alternas de tr\u00e1nsito ante una manifestaci\u00f3n.<\/p>\n\n\n\n<p>Tercero.- En su labor informativa a la sociedad, el periodista enfrenta siempre a los poderes legalmente constituidos y a los poderes f\u00e1cticos que buscan tapar la verdad, ocultar informaci\u00f3n, esconder delitos y hasta aquellos que pretenden cometer hechos vand\u00e1licos y quedar en la impunidad.<\/p>\n\n\n\n<p>Cuarto.- M\u00e9xico se mantuvo en 2022, por cuarto a\u00f1o consecutivo, como el pa\u00eds m\u00e1s peligroso para los profesionales de la informaci\u00f3n al sumar 11 periodistas asesinados, tres m\u00e1s que en Ucrania, de acuerdo con el balance anual que public\u00f3 Reporteros Sin Fronteras (RSF). El 2023 no fue la excepci\u00f3n y tememos que este 2024, incluso por el a\u00f1o electoral, el riesgo contin\u00fae y hasta se incremente.<\/p>\n\n\n\n<p>Por tal motivo solicit\u00f3 la intervenci\u00f3n de organismos, legalmente constituidos como la Comision Estatal de Derechos Humanos (CEDH), la Comisi\u00f3n Estatal de Atenci\u00f3n y Protecci\u00f3n a Periodistas (CEAPP) y la Fiscal\u00eda Especial para la Atenci\u00f3n de Delitos cometidos contra Periodistas (FEADP), para que intervengan y responsabiliz\u00f3 a estos grupos como Comunidad Feministas de Poza Rica, de todo lo que me pudiera pasar en mi persona, familias, propiedades y posesi\u00f3n, ante un temor fundado en sus propias declaraciones p\u00fablicas y las agresiones cometidas en d\u00eda de la manifestaci\u00f3n del #8M de Marzo de 2024.<\/p>\n\n\n\n<p>Atentamente<\/p>\n\n\n\n<p>Brenda Espinosa R.<\/p>\n\n\n\n<figure class=\"wp-block-gallery has-nested-images columns-default is-cropped wp-block-gallery-1 is-layout-flex wp-block-gallery-is-layout-flex\">\n<figure class=\"wp-block-image size-large\"><img loading=\"lazy\" decoding=\"async\" width=\"682\" height=\"1024\" data-id=\"206804\" src=\"https:\/\/www.enteratever.com\/2023\/wp-content\/uploads\/2024\/03\/WhatsApp-Image-2024-03-10-at-3.50.59-PM-682x1024.jpeg\" alt=\"\" class=\"wp-image-206804\" srcset=\"https:\/\/www.enteratever.com\/2023\/wp-content\/uploads\/2024\/03\/WhatsApp-Image-2024-03-10-at-3.50.59-PM-682x1024.jpeg 682w, https:\/\/www.enteratever.com\/2023\/wp-content\/uploads\/2024\/03\/WhatsApp-Image-2024-03-10-at-3.50.59-PM-200x300.jpeg 200w, https:\/\/www.enteratever.com\/2023\/wp-content\/uploads\/2024\/03\/WhatsApp-Image-2024-03-10-at-3.50.59-PM-768x1153.jpeg 768w, https:\/\/www.enteratever.com\/2023\/wp-content\/uploads\/2024\/03\/WhatsApp-Image-2024-03-10-at-3.50.59-PM-1023x1536.jpeg 1023w, https:\/\/www.enteratever.com\/2023\/wp-content\/uploads\/2024\/03\/WhatsApp-Image-2024-03-10-at-3.50.59-PM-150x225.jpeg 150w, https:\/\/www.enteratever.com\/2023\/wp-content\/uploads\/2024\/03\/WhatsApp-Image-2024-03-10-at-3.50.59-PM-300x450.jpeg 300w, https:\/\/www.enteratever.com\/2023\/wp-content\/uploads\/2024\/03\/WhatsApp-Image-2024-03-10-at-3.50.59-PM-696x1045.jpeg 696w, https:\/\/www.enteratever.com\/2023\/wp-content\/uploads\/2024\/03\/WhatsApp-Image-2024-03-10-at-3.50.59-PM.jpeg 1066w\" sizes=\"auto, (max-width: 682px) 100vw, 682px\" \/><\/figure>\n\n\n\n<figure class=\"wp-block-image size-large\"><img loading=\"lazy\" decoding=\"async\" width=\"792\" height=\"1024\" data-id=\"206805\" src=\"https:\/\/www.enteratever.com\/2023\/wp-content\/uploads\/2024\/03\/WhatsApp-Image-2024-03-10-at-3.50.57-PM-792x1024.jpeg\" alt=\"\" class=\"wp-image-206805\" srcset=\"https:\/\/www.enteratever.com\/2023\/wp-content\/uploads\/2024\/03\/WhatsApp-Image-2024-03-10-at-3.50.57-PM-792x1024.jpeg 792w, https:\/\/www.enteratever.com\/2023\/wp-content\/uploads\/2024\/03\/WhatsApp-Image-2024-03-10-at-3.50.57-PM-232x300.jpeg 232w, https:\/\/www.enteratever.com\/2023\/wp-content\/uploads\/2024\/03\/WhatsApp-Image-2024-03-10-at-3.50.57-PM-768x993.jpeg 768w, https:\/\/www.enteratever.com\/2023\/wp-content\/uploads\/2024\/03\/WhatsApp-Image-2024-03-10-at-3.50.57-PM-150x194.jpeg 150w, https:\/\/www.enteratever.com\/2023\/wp-content\/uploads\/2024\/03\/WhatsApp-Image-2024-03-10-at-3.50.57-PM-300x388.jpeg 300w, https:\/\/www.enteratever.com\/2023\/wp-content\/uploads\/2024\/03\/WhatsApp-Image-2024-03-10-at-3.50.57-PM-696x900.jpeg 696w, https:\/\/www.enteratever.com\/2023\/wp-content\/uploads\/2024\/03\/WhatsApp-Image-2024-03-10-at-3.50.57-PM-1068x1381.jpeg 1068w, https:\/\/www.enteratever.com\/2023\/wp-content\/uploads\/2024\/03\/WhatsApp-Image-2024-03-10-at-3.50.57-PM.jpeg 1080w\" sizes=\"auto, (max-width: 792px) 100vw, 792px\" \/><\/figure>\n<\/figure>\n","protected":false},"excerpt":{"rendered":"<p>Visitas: 1 A LA OPINI\u00d3N P\u00daBLICA \u201cSe mancha protesta por desigualdades con agresi\u00f3n a periodistas en Poza Rica\u201d Lo que deber\u00eda ser una marcha de protestas contra las desigualdades de g\u00e9nero, bajo el marco conmemorativo del D\u00eda Internacional de la Mujer, lamentablemente se vio manchado por el fanatismo y la agresi\u00f3n de un grupo reducido [&hellip;]<\/p>\n","protected":false},"author":2,"featured_media":206804,"comment_status":"open","ping_status":"open","sticky":false,"template":"","format":"standard","meta":{"footnotes":""},"categories":[299,213,219],"tags":[41],"class_list":{"0":"post-206803","1":"post","2":"type-post","3":"status-publish","4":"format-standard","5":"has-post-thumbnail","7":"category-notas-locales","8":"category-poza-rica","9":"category-zona-norte","10":"tag-portada"},"nelio_content":{"isAutoShareEnabled":true,"autoShareEndMode":"never","automationSources":{"useCustomSentences":false,"customSentences":[]},"followers":[],"suggestedReferences":[],"efiUrl":"","efiAlt":"","highlights":[],"permalinkQueryArgs":[],"series":[]},"_links":{"self":[{"href":"https:\/\/www.enteratever.com\/2023\/wp-json\/wp\/v2\/posts\/206803","targetHints":{"allow":["GET"]}}],"collection":[{"href":"https:\/\/www.enteratever.com\/2023\/wp-json\/wp\/v2\/posts"}],"about":[{"href":"https:\/\/www.enteratever.com\/2023\/wp-json\/wp\/v2\/types\/post"}],"author":[{"embeddable":true,"href":"https:\/\/www.enteratever.com\/2023\/wp-json\/wp\/v2\/users\/2"}],"replies":[{"embeddable":true,"href":"https:\/\/www.enteratever.com\/2023\/wp-json\/wp\/v2\/comments?post=206803"}],"version-history":[{"count":1,"href":"https:\/\/www.enteratever.com\/2023\/wp-json\/wp\/v2\/posts\/206803\/revisions"}],"predecessor-version":[{"id":206806,"href":"https:\/\/www.enteratever.com\/2023\/wp-json\/wp\/v2\/posts\/206803\/revisions\/206806"}],"wp:featuredmedia":[{"embeddable":true,"href":"https:\/\/www.enteratever.com\/2023\/wp-json\/wp\/v2\/media\/206804"}],"wp:attachment":[{"href":"https:\/\/www.enteratever.com\/2023\/wp-json\/wp\/v2\/media?parent=206803"}],"wp:term":[{"taxonomy":"category","embeddable":true,"href":"https:\/\/www.enteratever.com\/2023\/wp-json\/wp\/v2\/categories?post=206803"},{"taxonomy":"post_tag","embeddable":true,"href":"https:\/\/www.enteratever.com\/2023\/wp-json\/wp\/v2\/tags?post=206803"}],"curies":[{"name":"wp","href":"https:\/\/api.w.org\/{rel}","templated":true}]}}