{"id":206679,"date":"2024-03-08T13:26:11","date_gmt":"2024-03-08T19:26:11","guid":{"rendered":"https:\/\/www.enteratever.com\/2023\/?p=206679"},"modified":"2024-03-08T13:26:13","modified_gmt":"2024-03-08T19:26:13","slug":"amlo-confirma-muerte-de-normalista-de-ayotzinapa-en-reten-en-guerrero-pide-a-fgr-investigar","status":"publish","type":"post","link":"https:\/\/www.enteratever.com\/2023\/2024\/03\/08\/amlo-confirma-muerte-de-normalista-de-ayotzinapa-en-reten-en-guerrero-pide-a-fgr-investigar\/","title":{"rendered":"AMLO confirma muerte de normalista de Ayotzinapa en ret\u00e9n en Guerrero; pide a FGR investigar"},"content":{"rendered":"<p>Visitas: 0<\/p>\n<p>El presidente mexicano, Andr\u00e9s Manuel L\u00f3pez Obrador, pidi\u00f3 este viernes a la Fiscal\u00eda general investigar la muerte de un estudiante de la normal de Ayotzinapa en un ret\u00e9n de la Polic\u00eda del estado de Guerrero ante la tensi\u00f3n por las protestas por los 43 desaparecidos de esa escuela.<\/p>\n\n\n\n<p>\u201cS\u00ed hay esta vinculaci\u00f3n, esta relaci\u00f3n (con Ayotzinapa). Hemos decidido en el gabinete de seguridad que para aclarar bien lo sucedido, castigar a responsables, que se solicite a la Fiscal\u00eda General de la Rep\u00fablica que atraiga el caso, vamos a pedir de manera respetuosa, para que se investigue bien\u201d, declar\u00f3.<\/p>\n\n\n\n<p>El mandatario detall\u00f3 en su conferencia matutina que un estudiante muri\u00f3 el jueves tras un altercado con la Polic\u00eda del sure\u00f1o estado de Guerrero, donde las autoridades locales primero hab\u00edan informado de dos muertos.<\/p>\n\n\n\n<p>L\u00f3pez Obrador se\u00f1al\u00f3 que \u00abes muy lamentable que se haya presentado esta situaci\u00f3n un d\u00eda despu\u00e9s de que se llev\u00f3 a cabo una protesta en el Palacio Nacional\u00bb, donde estudiantes de Ayotzinapa derribaron una puerta para exigir justicia por la desaparici\u00f3n de sus 43 compa\u00f1eros en 2014 mientras el mandatario estaba adentro.<\/p>\n\n\n\n<p>\u00abSin embargo, son cosas distintas porque esto, que lamentablemente ocurre, se da en Chilpancingo (capital de Guerrero), y son dos j\u00f3venes que van en un carro, la Polic\u00eda de Guerrero sostiene en sus declaraciones que era un carro robado\u201d, coment\u00f3.<\/p>\n\n\n\n<p>De acuerdo con informaci\u00f3n de la Secretar\u00eda de Seguridad P\u00fablica de Guerrero, a las 20:45 hora local (02:45 GMT) un arco detector del Registro P\u00fablico Vehicular (Repuve), instalado en la carretera Tixtla-Chilpancingo, ubic\u00f3 a los j\u00f3venes en una camioneta blanca con reporte de robo.<\/p>\n\n\n\n<p>\u201cCerca de un hotel los detienen, dicen los polic\u00edas que los muchachos disparan y responden los polic\u00edas y, lamentablemente, pierde la vida un joven, uno nada m\u00e1s\u201d, indic\u00f3 el presidente.<\/p>\n\n\n\n<p>El incidente amenaza con incrementar la tensi\u00f3n entre L\u00f3pez Obrador y los estudiantes de Ayotzinapa, quienes protestan porque el presidente no ha cumplido su promesa de resolver el caso, aunque la Comisi\u00f3n de la Verdad creada por \u00e9l concluy\u00f3 en 2022 que fue un \u201ccrimen de Estado\u201d en el que tambi\u00e9n particip\u00f3 el Ej\u00e9rcito.<\/p>\n\n\n\n<p>Aunque el mandatario prometi\u00f3 respetar el derecho a las protestas, cuestion\u00f3 al abogado de las familias de los 43 desaparecidos, Vidulfo Rosales, al exhibir un video en el que amaga con que se van \u00aba aparecer en todos los actos de campa\u00f1a que haga Claudia Sheinbaum\u00bb, candidata presidencial del oficialismo.<\/p>\n","protected":false},"excerpt":{"rendered":"<p>Visitas: 0 El presidente mexicano, Andr\u00e9s Manuel L\u00f3pez Obrador, pidi\u00f3 este viernes a la Fiscal\u00eda general investigar la muerte de un estudiante de la normal de Ayotzinapa en un ret\u00e9n de la Polic\u00eda del estado de Guerrero ante la tensi\u00f3n por las protestas por los 43 desaparecidos de esa escuela. \u201cS\u00ed hay esta vinculaci\u00f3n, esta [&hellip;]<\/p>\n","protected":false},"author":2,"featured_media":184578,"comment_status":"open","ping_status":"open","sticky":false,"template":"","format":"standard","meta":{"footnotes":""},"categories":[252],"tags":[],"class_list":{"0":"post-206679","1":"post","2":"type-post","3":"status-publish","4":"format-standard","5":"has-post-thumbnail","7":"category-nacionales"},"nelio_content":{"isAutoShareEnabled":true,"autoShareEndMode":"never","automationSources":{"useCustomSentences":false,"customSentences":[]},"followers":[],"suggestedReferences":[],"efiUrl":"","efiAlt":"","highlights":[],"permalinkQueryArgs":[],"series":[]},"_links":{"self":[{"href":"https:\/\/www.enteratever.com\/2023\/wp-json\/wp\/v2\/posts\/206679","targetHints":{"allow":["GET"]}}],"collection":[{"href":"https:\/\/www.enteratever.com\/2023\/wp-json\/wp\/v2\/posts"}],"about":[{"href":"https:\/\/www.enteratever.com\/2023\/wp-json\/wp\/v2\/types\/post"}],"author":[{"embeddable":true,"href":"https:\/\/www.enteratever.com\/2023\/wp-json\/wp\/v2\/users\/2"}],"replies":[{"embeddable":true,"href":"https:\/\/www.enteratever.com\/2023\/wp-json\/wp\/v2\/comments?post=206679"}],"version-history":[{"count":1,"href":"https:\/\/www.enteratever.com\/2023\/wp-json\/wp\/v2\/posts\/206679\/revisions"}],"predecessor-version":[{"id":206680,"href":"https:\/\/www.enteratever.com\/2023\/wp-json\/wp\/v2\/posts\/206679\/revisions\/206680"}],"wp:featuredmedia":[{"embeddable":true,"href":"https:\/\/www.enteratever.com\/2023\/wp-json\/wp\/v2\/media\/184578"}],"wp:attachment":[{"href":"https:\/\/www.enteratever.com\/2023\/wp-json\/wp\/v2\/media?parent=206679"}],"wp:term":[{"taxonomy":"category","embeddable":true,"href":"https:\/\/www.enteratever.com\/2023\/wp-json\/wp\/v2\/categories?post=206679"},{"taxonomy":"post_tag","embeddable":true,"href":"https:\/\/www.enteratever.com\/2023\/wp-json\/wp\/v2\/tags?post=206679"}],"curies":[{"name":"wp","href":"https:\/\/api.w.org\/{rel}","templated":true}]}}