{"id":206427,"date":"2024-03-05T12:43:03","date_gmt":"2024-03-05T18:43:03","guid":{"rendered":"https:\/\/www.enteratever.com\/2023\/?p=206427"},"modified":"2024-03-05T12:43:06","modified_gmt":"2024-03-05T18:43:06","slug":"teatro-de-la-reforma-presenta-el-programa-de-danza-contemporanea-resistencia-en-movimiento","status":"publish","type":"post","link":"https:\/\/www.enteratever.com\/2023\/2024\/03\/05\/teatro-de-la-reforma-presenta-el-programa-de-danza-contemporanea-resistencia-en-movimiento\/","title":{"rendered":"Teatro de la Reforma presenta el programa de danza contempor\u00e1nea \u201cResistencia en movimiento\u201d"},"content":{"rendered":"<p>Visitas: 2<\/p>\n<p>El <strong>Teatro de la Reforma<\/strong> invita a la funci\u00f3n de danza contempor\u00e1nea <strong><em>Resistencia en Movimiento<\/em><\/strong>, que se llevar\u00e1 a cabo con motivo del <strong>D\u00eda Internacional de las Mujeres<\/strong> el jueves 7 de marzo a las 17:00 horas, en la sala principal del Teatro. La entrada es gratuita.<\/p>\n\n\n\n<p><strong><em>Resistencia en Movimiento <\/em><\/strong>es un programa de danza contempor\u00e1nea integrado por dos coreograf\u00edas protagonizadas por mujeres creadoras independientes. Contienen un mensaje poderoso sobre su vida como mujeres, las adversidades a las que se han presentado y su propia concepci\u00f3n de la perspectiva de g\u00e9nero.<\/p>\n\n\n\n<p>La primera pieza coreogr\u00e1fica, titulada <strong>Para: Lila, arquitectura de lo incontenible<\/strong>, creada por Astrid Valencia, se enfoca en la naturaleza femenina. La historia sigue a una ni\u00f1a poco convencional con caracter\u00edsticas similares a las de un cocodrilo, que intenta comprender su peculiaridad en una experiencia llena de met\u00e1foras y muchas cajas de cart\u00f3n.<\/p>\n\n\n\n<p>La segunda coreograf\u00eda, <strong>Memoria heredada<\/strong>, creaci\u00f3n de Janice Platt, aborda la memoria y el recuerdo como motivos de reflexi\u00f3n, transformaci\u00f3n y adaptaci\u00f3n a los cambios sin perder la esencia en el camino. Esta pieza se centra en el desarrollo de la vida, no en el inicio ni tampoco en el final.<\/p>\n\n\n\n<p>La <strong>Secretar\u00eda de Cultura de Veracruz<\/strong> reitera la invitaci\u00f3n a la comunidad veracruzana para disfrutar de <strong><em>Resistencia en movimiento<\/em><\/strong>, el pr\u00f3ximo jueves 7 de marzo, a las 17:00 horas, en la sala principal del <strong>Teatro de la Reforma<\/strong>. La entrada es gratuita. Consulta la programaci\u00f3n completa del emblem\u00e1tico recinto veracruzano en la cuenta de Facebook <a href=\"https:\/\/www.facebook.com\/TeatrodelaReformaSECVER\/\">@TeatrodelaReformaSECVER<\/a>.<\/p>\n","protected":false},"excerpt":{"rendered":"<p>Visitas: 2 El Teatro de la Reforma invita a la funci\u00f3n de danza contempor\u00e1nea Resistencia en Movimiento, que se llevar\u00e1 a cabo con motivo del D\u00eda Internacional de las Mujeres el jueves 7 de marzo a las 17:00 horas, en la sala principal del Teatro. La entrada es gratuita. Resistencia en Movimiento es un programa [&hellip;]<\/p>\n","protected":false},"author":2,"featured_media":206429,"comment_status":"open","ping_status":"open","sticky":false,"template":"","format":"standard","meta":{"footnotes":""},"categories":[238,236],"tags":[],"class_list":{"0":"post-206427","1":"post","2":"type-post","3":"status-publish","4":"format-standard","5":"has-post-thumbnail","7":"category-veracruz","8":"category-zona-centro"},"nelio_content":{"isAutoShareEnabled":true,"autoShareEndMode":"never","automationSources":{"useCustomSentences":false,"customSentences":[]},"followers":[],"suggestedReferences":[],"efiUrl":"","efiAlt":"","highlights":[],"permalinkQueryArgs":[],"series":[]},"_links":{"self":[{"href":"https:\/\/www.enteratever.com\/2023\/wp-json\/wp\/v2\/posts\/206427","targetHints":{"allow":["GET"]}}],"collection":[{"href":"https:\/\/www.enteratever.com\/2023\/wp-json\/wp\/v2\/posts"}],"about":[{"href":"https:\/\/www.enteratever.com\/2023\/wp-json\/wp\/v2\/types\/post"}],"author":[{"embeddable":true,"href":"https:\/\/www.enteratever.com\/2023\/wp-json\/wp\/v2\/users\/2"}],"replies":[{"embeddable":true,"href":"https:\/\/www.enteratever.com\/2023\/wp-json\/wp\/v2\/comments?post=206427"}],"version-history":[{"count":1,"href":"https:\/\/www.enteratever.com\/2023\/wp-json\/wp\/v2\/posts\/206427\/revisions"}],"predecessor-version":[{"id":206431,"href":"https:\/\/www.enteratever.com\/2023\/wp-json\/wp\/v2\/posts\/206427\/revisions\/206431"}],"wp:featuredmedia":[{"embeddable":true,"href":"https:\/\/www.enteratever.com\/2023\/wp-json\/wp\/v2\/media\/206429"}],"wp:attachment":[{"href":"https:\/\/www.enteratever.com\/2023\/wp-json\/wp\/v2\/media?parent=206427"}],"wp:term":[{"taxonomy":"category","embeddable":true,"href":"https:\/\/www.enteratever.com\/2023\/wp-json\/wp\/v2\/categories?post=206427"},{"taxonomy":"post_tag","embeddable":true,"href":"https:\/\/www.enteratever.com\/2023\/wp-json\/wp\/v2\/tags?post=206427"}],"curies":[{"name":"wp","href":"https:\/\/api.w.org\/{rel}","templated":true}]}}