{"id":206366,"date":"2024-03-04T19:22:49","date_gmt":"2024-03-05T01:22:49","guid":{"rendered":"https:\/\/www.enteratever.com\/2023\/?p=206366"},"modified":"2024-03-04T19:22:52","modified_gmt":"2024-03-05T01:22:52","slug":"talleres-libres-de-la-uv-en-papantla-cumplen-45-anos","status":"publish","type":"post","link":"https:\/\/www.enteratever.com\/2023\/2024\/03\/04\/talleres-libres-de-la-uv-en-papantla-cumplen-45-anos\/","title":{"rendered":"Talleres libres de la UV en Papantla cumplen 45 a\u00f1os"},"content":{"rendered":"<p>Visitas: 10<\/p>\n<p>En cuatro d\u00e9cadas y un lustro que llevan laborando los talleres libres de la Universidad Veracruzana en Papantla, en este tiempo cientos de alumnos han sido parte de este espacio.<\/p>\n\n\n\n<p>As\u00ed lo dio a conocer Lorenzo Rivera, tallerista y director de este espacio ubicado en el coraz\u00f3n de Papantla.<\/p>\n\n\n\n<p>Se\u00f1alo que durante la conmemoraci\u00f3n de este lugar se realizar\u00e1 una exposici\u00f3n de ex alumnos algunos hoy concretados como artistas y que en su momento formaron parte de los talleres.<\/p>\n\n\n\n<p>La fecha de aniversario es el pr\u00f3ximo 15 de marzo, en d\u00f3nde se invita a la ciudadan\u00eda en general darse el tiempo para poder asistir y ver el trabajo que realizan en este espacio, adem\u00e1s de que se llevar\u00e1 a cabo la develaci\u00f3n de una placa conmemorativa por los 45 a\u00f1os.<\/p>\n\n\n\n<p>Asimismo, se\u00f1alo que en este recinto toman clases alumnos de la UV as\u00ed como poblaci\u00f3n que no cursa alguna licenciatura pero que han optado por asistir a los talleres libres UV sede Papantla.<\/p>\n\n\n\n<figure class=\"wp-block-gallery has-nested-images columns-default is-cropped wp-block-gallery-1 is-layout-flex wp-block-gallery-is-layout-flex\"><\/figure>\n","protected":false},"excerpt":{"rendered":"<p>Visitas: 10 En cuatro d\u00e9cadas y un lustro que llevan laborando los talleres libres de la Universidad Veracruzana en Papantla, en este tiempo cientos de alumnos han sido parte de este espacio. As\u00ed lo dio a conocer Lorenzo Rivera, tallerista y director de este espacio ubicado en el coraz\u00f3n de Papantla. Se\u00f1alo que durante la [&hellip;]<\/p>\n","protected":false},"author":3,"featured_media":206373,"comment_status":"open","ping_status":"open","sticky":false,"template":"","format":"standard","meta":{"footnotes":""},"categories":[215,219],"tags":[41],"class_list":{"0":"post-206366","1":"post","2":"type-post","3":"status-publish","4":"format-standard","5":"has-post-thumbnail","7":"category-papantla","8":"category-zona-norte","9":"tag-portada"},"nelio_content":{"isAutoShareEnabled":true,"autoShareEndMode":"never","automationSources":{"useCustomSentences":false,"customSentences":[]},"followers":[],"suggestedReferences":[],"efiUrl":"","efiAlt":"","highlights":[],"permalinkQueryArgs":[],"series":[]},"_links":{"self":[{"href":"https:\/\/www.enteratever.com\/2023\/wp-json\/wp\/v2\/posts\/206366","targetHints":{"allow":["GET"]}}],"collection":[{"href":"https:\/\/www.enteratever.com\/2023\/wp-json\/wp\/v2\/posts"}],"about":[{"href":"https:\/\/www.enteratever.com\/2023\/wp-json\/wp\/v2\/types\/post"}],"author":[{"embeddable":true,"href":"https:\/\/www.enteratever.com\/2023\/wp-json\/wp\/v2\/users\/3"}],"replies":[{"embeddable":true,"href":"https:\/\/www.enteratever.com\/2023\/wp-json\/wp\/v2\/comments?post=206366"}],"version-history":[{"count":1,"href":"https:\/\/www.enteratever.com\/2023\/wp-json\/wp\/v2\/posts\/206366\/revisions"}],"predecessor-version":[{"id":206376,"href":"https:\/\/www.enteratever.com\/2023\/wp-json\/wp\/v2\/posts\/206366\/revisions\/206376"}],"wp:featuredmedia":[{"embeddable":true,"href":"https:\/\/www.enteratever.com\/2023\/wp-json\/wp\/v2\/media\/206373"}],"wp:attachment":[{"href":"https:\/\/www.enteratever.com\/2023\/wp-json\/wp\/v2\/media?parent=206366"}],"wp:term":[{"taxonomy":"category","embeddable":true,"href":"https:\/\/www.enteratever.com\/2023\/wp-json\/wp\/v2\/categories?post=206366"},{"taxonomy":"post_tag","embeddable":true,"href":"https:\/\/www.enteratever.com\/2023\/wp-json\/wp\/v2\/tags?post=206366"}],"curies":[{"name":"wp","href":"https:\/\/api.w.org\/{rel}","templated":true}]}}