{"id":206305,"date":"2024-03-04T08:34:15","date_gmt":"2024-03-04T14:34:15","guid":{"rendered":"https:\/\/www.enteratever.com\/2023\/?p=206305"},"modified":"2024-03-04T08:38:27","modified_gmt":"2024-03-04T14:38:27","slug":"invita-casa-principal-a-conversatorio-y-taller-de-pintura-con-la-artista-libertad-alcantara","status":"publish","type":"post","link":"https:\/\/www.enteratever.com\/2023\/2024\/03\/04\/invita-casa-principal-a-conversatorio-y-taller-de-pintura-con-la-artista-libertad-alcantara\/","title":{"rendered":"Invita Casa Principal a conversatorio y taller de pintura con la artista Libertad Alc\u00e1ntara"},"content":{"rendered":"<p>Visitas: 4<\/p>\n<p>El <strong>Centro Cultural Casa Principal<\/strong> invita a participar en el taller pict\u00f3rico <strong>Mapeos de lo com\u00fan<\/strong>, que ser\u00e1 impartido por la creadora Libertad Alc\u00e1ntara, participante en la exposici\u00f3n <strong><em>Nuestros artistas PECDA 4.0. Intercambiar Ecos<\/em><\/strong>. Las sesiones se llevar\u00e1n a cabo del 7 al 9 de marzo, en horario de las 16:00 a las 20:00 horas. La actividad es gratuita.<\/p>\n\n\n\n<div><a href=\"https:\/\/www.enteratever.com\/2023\/wp-content\/uploads\/2024\/03\/Taller_Libertad-Alcantara-1_1-768x768-1.jpg\" class=\"td-modal-image\"><figure class=\"wp-block-image size-full\"><img loading=\"lazy\" decoding=\"async\" width=\"768\" height=\"768\" src=\"https:\/\/www.enteratever.com\/2023\/wp-content\/uploads\/2024\/03\/Taller_Libertad-Alcantara-1_1-768x768-1.jpg\" alt=\"\" class=\"wp-image-206314\" srcset=\"https:\/\/www.enteratever.com\/2023\/wp-content\/uploads\/2024\/03\/Taller_Libertad-Alcantara-1_1-768x768-1.jpg 768w, https:\/\/www.enteratever.com\/2023\/wp-content\/uploads\/2024\/03\/Taller_Libertad-Alcantara-1_1-768x768-1-300x300.jpg 300w, https:\/\/www.enteratever.com\/2023\/wp-content\/uploads\/2024\/03\/Taller_Libertad-Alcantara-1_1-768x768-1-150x150.jpg 150w, https:\/\/www.enteratever.com\/2023\/wp-content\/uploads\/2024\/03\/Taller_Libertad-Alcantara-1_1-768x768-1-696x696.jpg 696w\" sizes=\"auto, (max-width: 768px) 100vw, 768px\" \/><\/figure><\/a><\/div>\n\n\n\n<p>El taller <strong>Mapeos de lo com\u00fan<\/strong> est\u00e1 dirigido a personas mayores de 16 a\u00f1os con inter\u00e9s en el espacio, la memoria y la pintura. Durante las sesiones se explorar\u00e1 la pr\u00e1ctica art\u00edstica como herramienta para plasmar el entramado que surge en el habitar veracruzano, poniendo en pr\u00e1ctica la potencia de la creatividad colectiva. A partir de diversas din\u00e1micas, las y los participantes podr\u00e1n dialogar sobre sus expectativas y sentires, as\u00ed como recorrer las inmediaciones del <strong>Centro Cultural Casa Principal<\/strong> y el Centro Hist\u00f3rico de Veracruz para posteriormente transmitirlo a trav\u00e9s del arte pict\u00f3rico.<\/p>\n\n\n\n<div><a href=\"https:\/\/www.enteratever.com\/2023\/wp-content\/uploads\/2024\/03\/Conversatorio-PECDA_Libertad-Alcantara-1_1-768x768-1.jpg\" class=\"td-modal-image\"><figure class=\"wp-block-image size-full\"><img loading=\"lazy\" decoding=\"async\" width=\"768\" height=\"768\" src=\"https:\/\/www.enteratever.com\/2023\/wp-content\/uploads\/2024\/03\/Conversatorio-PECDA_Libertad-Alcantara-1_1-768x768-1.jpg\" alt=\"\" class=\"wp-image-206313\" srcset=\"https:\/\/www.enteratever.com\/2023\/wp-content\/uploads\/2024\/03\/Conversatorio-PECDA_Libertad-Alcantara-1_1-768x768-1.jpg 768w, https:\/\/www.enteratever.com\/2023\/wp-content\/uploads\/2024\/03\/Conversatorio-PECDA_Libertad-Alcantara-1_1-768x768-1-300x300.jpg 300w, https:\/\/www.enteratever.com\/2023\/wp-content\/uploads\/2024\/03\/Conversatorio-PECDA_Libertad-Alcantara-1_1-768x768-1-150x150.jpg 150w, https:\/\/www.enteratever.com\/2023\/wp-content\/uploads\/2024\/03\/Conversatorio-PECDA_Libertad-Alcantara-1_1-768x768-1-696x696.jpg 696w\" sizes=\"auto, (max-width: 768px) 100vw, 768px\" \/><\/figure><\/a><\/div>\n\n\n\n<p>Durante la primera sesi\u00f3n, el jueves 7 de marzo a las 18:00 horas, se llevar\u00e1 a cabo el conversatorio <strong>Espacios mutantes<\/strong>, en el que la artista compartir\u00e1 los detalles de la obra con la que participa en la muestra&nbsp; <strong><em>Nuestros artistas PECDA 4.0. Intercambiar Ecos<\/em><\/strong>. El di\u00e1logo es gratuito y abierto al p\u00fablico en general.<\/p>\n\n\n\n<p><strong>Libertad Alc\u00e1ntara<\/strong> posee inter\u00e9s en la investigaci\u00f3n de la imagen; explora procesos creativos que combinan el lenguaje pict\u00f3rico, la sensaci\u00f3n espacial, el cuerpo y los l\u00edmites entre el quehacer colectivo e individual. Considera que a trav\u00e9s de la pr\u00e1ctica art\u00edstica se puede dar la vuelta a la tradici\u00f3n heredada, permitiendo plantear no s\u00f3lo nuevas formas de interpretar el mundo, sino tambi\u00e9n de relacionarse en comunidad. Entre sus logros m\u00e1s relevantes se encuentran la colaboraci\u00f3n con la Compa\u00f1\u00eda Nacional de Teatro para la escenograf\u00eda de la obra <em>Aleteo<\/em>, inspirada en su propia obra. Recibi\u00f3 el est\u00edmulo J\u00f3venes Creadores del &nbsp; Sistema de Apoyos a la Creaci\u00f3n y Proyectos Culturales en el \u00e1rea de pintura en 2020, y en el mismo a\u00f1o fue incluida en la colecci\u00f3n de Patrimonio del estado de Nuevo Le\u00f3n a trav\u00e9s de CONARTE. Adem\u00e1s, fue beneficiaria de la beca J\u00f3venes Creadores del PECDA Veracruz en 2014 y nuevamente en 2022. Tambi\u00e9n ha participado en diversas exposiciones nacionales e internacionales.<\/p>\n\n\n\n<p>La <strong>Secretar\u00eda de Cultura de Veracruz <\/strong>reitera la invitaci\u00f3n a participar en el taller de pintura <strong>Mapeos de lo com\u00fan<\/strong>, que tendr\u00e1 lugar en el <strong>Centro Cultural Casa Principal<\/strong> del 7 al 9 de marzo, en horario de las 16:00 a las 20:00 horas; as\u00ed como a disfrutar del conversatorio <strong>Espacios mutantes<\/strong>, el jueves 7 a las 18:00 horas.<\/p>\n","protected":false},"excerpt":{"rendered":"<p>Visitas: 4 El Centro Cultural Casa Principal invita a participar en el taller pict\u00f3rico Mapeos de lo com\u00fan, que ser\u00e1 impartido por la creadora Libertad Alc\u00e1ntara, participante en la exposici\u00f3n Nuestros artistas PECDA 4.0. Intercambiar Ecos. Las sesiones se llevar\u00e1n a cabo del 7 al 9 de marzo, en horario de las 16:00 a las [&hellip;]<\/p>\n","protected":false},"author":2,"featured_media":206313,"comment_status":"open","ping_status":"open","sticky":false,"template":"","format":"standard","meta":{"footnotes":""},"categories":[238,236],"tags":[41],"class_list":{"0":"post-206305","1":"post","2":"type-post","3":"status-publish","4":"format-standard","5":"has-post-thumbnail","7":"category-veracruz","8":"category-zona-centro","9":"tag-portada"},"nelio_content":{"isAutoShareEnabled":true,"autoShareEndMode":"never","automationSources":{"useCustomSentences":false,"customSentences":[]},"followers":[],"suggestedReferences":[],"efiUrl":"","efiAlt":"","highlights":[],"permalinkQueryArgs":[],"series":[]},"_links":{"self":[{"href":"https:\/\/www.enteratever.com\/2023\/wp-json\/wp\/v2\/posts\/206305","targetHints":{"allow":["GET"]}}],"collection":[{"href":"https:\/\/www.enteratever.com\/2023\/wp-json\/wp\/v2\/posts"}],"about":[{"href":"https:\/\/www.enteratever.com\/2023\/wp-json\/wp\/v2\/types\/post"}],"author":[{"embeddable":true,"href":"https:\/\/www.enteratever.com\/2023\/wp-json\/wp\/v2\/users\/2"}],"replies":[{"embeddable":true,"href":"https:\/\/www.enteratever.com\/2023\/wp-json\/wp\/v2\/comments?post=206305"}],"version-history":[{"count":2,"href":"https:\/\/www.enteratever.com\/2023\/wp-json\/wp\/v2\/posts\/206305\/revisions"}],"predecessor-version":[{"id":206317,"href":"https:\/\/www.enteratever.com\/2023\/wp-json\/wp\/v2\/posts\/206305\/revisions\/206317"}],"wp:featuredmedia":[{"embeddable":true,"href":"https:\/\/www.enteratever.com\/2023\/wp-json\/wp\/v2\/media\/206313"}],"wp:attachment":[{"href":"https:\/\/www.enteratever.com\/2023\/wp-json\/wp\/v2\/media?parent=206305"}],"wp:term":[{"taxonomy":"category","embeddable":true,"href":"https:\/\/www.enteratever.com\/2023\/wp-json\/wp\/v2\/categories?post=206305"},{"taxonomy":"post_tag","embeddable":true,"href":"https:\/\/www.enteratever.com\/2023\/wp-json\/wp\/v2\/tags?post=206305"}],"curies":[{"name":"wp","href":"https:\/\/api.w.org\/{rel}","templated":true}]}}