{"id":206208,"date":"2024-03-01T17:38:18","date_gmt":"2024-03-01T23:38:18","guid":{"rendered":"https:\/\/www.enteratever.com\/2023\/?p=206208"},"modified":"2024-03-01T17:38:21","modified_gmt":"2024-03-01T23:38:21","slug":"arranca-campana-a-diputacion-federales-en-papantla","status":"publish","type":"post","link":"https:\/\/www.enteratever.com\/2023\/2024\/03\/01\/arranca-campana-a-diputacion-federales-en-papantla\/","title":{"rendered":"Arranca campa\u00f1a a diputaci\u00f3n federales en Papantla"},"content":{"rendered":"<p>Visitas: 14<\/p>\n<p>Durante las primeras horas de este d\u00eda viernes primero de marzo se llev\u00f3 a cabo el arranque de campa\u00f1as del abanderado de morena en el distrito 06 de Veracruz con cabecera en Papantla.<\/p>\n\n\n\n<p>La cita fue en el mural homenaje a la cultura totonaca d\u00f3nde habitantes de las colonias as\u00ed como municipios pertenecientes a este distrito se dieron cita para este arranque.<\/p>\n\n\n\n<p>Al menos seiscientas personas fueron quienes estuvieron en lugar apoyando el movimiento. Por su parte Jaime Humberto P\u00e9rez Bernabe acompa\u00f1ado de sus grupos cercano as\u00ed como suplente fue que dio su discurso.<\/p>\n\n\n\n<p>Mencion\u00f3 que esta campa\u00f1a se las dedicaba a las mujeres trabajadoras, maestras, doctoras, campesinas, amas de casa ya que es tiempo de mujeres y por eso Claudia Sheinbaum ser\u00e1 la pr\u00f3xima presidenta de M\u00e9xico<\/p>\n\n\n\n<p>Asimismo agradeci\u00f3 a la ciudadan\u00eda que conf\u00edo en el participando en la encuesta y dando su nombre para que pudiera participar en este nuevo proceso para renovar diputaciones.<\/p>\n\n\n\n<figure class=\"wp-block-gallery has-nested-images columns-default td-modal-on-gallery wp-block-gallery-1 is-layout-flex wp-block-gallery-is-layout-flex\">\n<figure class=\"wp-block-image size-full\"><img loading=\"lazy\" decoding=\"async\" width=\"1040\" height=\"780\" data-id=\"206213\" src=\"https:\/\/www.enteratever.com\/2023\/wp-content\/uploads\/2024\/03\/WhatsApp-Image-2024-03-01-at-4.16.18-PM.jpeg\" alt=\"\" class=\"wp-image-206213\" srcset=\"https:\/\/www.enteratever.com\/2023\/wp-content\/uploads\/2024\/03\/WhatsApp-Image-2024-03-01-at-4.16.18-PM.jpeg 1040w, https:\/\/www.enteratever.com\/2023\/wp-content\/uploads\/2024\/03\/WhatsApp-Image-2024-03-01-at-4.16.18-PM-300x225.jpeg 300w, https:\/\/www.enteratever.com\/2023\/wp-content\/uploads\/2024\/03\/WhatsApp-Image-2024-03-01-at-4.16.18-PM-1024x768.jpeg 1024w, https:\/\/www.enteratever.com\/2023\/wp-content\/uploads\/2024\/03\/WhatsApp-Image-2024-03-01-at-4.16.18-PM-768x576.jpeg 768w, https:\/\/www.enteratever.com\/2023\/wp-content\/uploads\/2024\/03\/WhatsApp-Image-2024-03-01-at-4.16.18-PM-150x113.jpeg 150w, https:\/\/www.enteratever.com\/2023\/wp-content\/uploads\/2024\/03\/WhatsApp-Image-2024-03-01-at-4.16.18-PM-696x522.jpeg 696w\" sizes=\"auto, (max-width: 1040px) 100vw, 1040px\" \/><\/figure>\n\n\n\n<figure class=\"wp-block-image size-full\"><img loading=\"lazy\" decoding=\"async\" width=\"720\" height=\"608\" data-id=\"206212\" src=\"https:\/\/www.enteratever.com\/2023\/wp-content\/uploads\/2024\/03\/WhatsApp-Image-2024-03-01-at-4.16.24-PM.jpeg\" alt=\"\" class=\"wp-image-206212\" srcset=\"https:\/\/www.enteratever.com\/2023\/wp-content\/uploads\/2024\/03\/WhatsApp-Image-2024-03-01-at-4.16.24-PM.jpeg 720w, https:\/\/www.enteratever.com\/2023\/wp-content\/uploads\/2024\/03\/WhatsApp-Image-2024-03-01-at-4.16.24-PM-300x253.jpeg 300w, https:\/\/www.enteratever.com\/2023\/wp-content\/uploads\/2024\/03\/WhatsApp-Image-2024-03-01-at-4.16.24-PM-150x127.jpeg 150w, https:\/\/www.enteratever.com\/2023\/wp-content\/uploads\/2024\/03\/WhatsApp-Image-2024-03-01-at-4.16.24-PM-696x588.jpeg 696w\" sizes=\"auto, (max-width: 720px) 100vw, 720px\" \/><\/figure>\n<\/figure>\n","protected":false},"excerpt":{"rendered":"<p>Visitas: 14 Durante las primeras horas de este d\u00eda viernes primero de marzo se llev\u00f3 a cabo el arranque de campa\u00f1as del abanderado de morena en el distrito 06 de Veracruz con cabecera en Papantla. La cita fue en el mural homenaje a la cultura totonaca d\u00f3nde habitantes de las colonias as\u00ed como municipios pertenecientes [&hellip;]<\/p>\n","protected":false},"author":3,"featured_media":206212,"comment_status":"open","ping_status":"open","sticky":false,"template":"","format":"standard","meta":{"footnotes":""},"categories":[215,219],"tags":[41],"class_list":{"0":"post-206208","1":"post","2":"type-post","3":"status-publish","4":"format-standard","5":"has-post-thumbnail","7":"category-papantla","8":"category-zona-norte","9":"tag-portada"},"nelio_content":{"isAutoShareEnabled":true,"autoShareEndMode":"never","automationSources":{"useCustomSentences":false,"customSentences":[]},"followers":[],"suggestedReferences":[],"efiUrl":"","efiAlt":"","highlights":[],"permalinkQueryArgs":[],"series":[]},"_links":{"self":[{"href":"https:\/\/www.enteratever.com\/2023\/wp-json\/wp\/v2\/posts\/206208","targetHints":{"allow":["GET"]}}],"collection":[{"href":"https:\/\/www.enteratever.com\/2023\/wp-json\/wp\/v2\/posts"}],"about":[{"href":"https:\/\/www.enteratever.com\/2023\/wp-json\/wp\/v2\/types\/post"}],"author":[{"embeddable":true,"href":"https:\/\/www.enteratever.com\/2023\/wp-json\/wp\/v2\/users\/3"}],"replies":[{"embeddable":true,"href":"https:\/\/www.enteratever.com\/2023\/wp-json\/wp\/v2\/comments?post=206208"}],"version-history":[{"count":1,"href":"https:\/\/www.enteratever.com\/2023\/wp-json\/wp\/v2\/posts\/206208\/revisions"}],"predecessor-version":[{"id":206215,"href":"https:\/\/www.enteratever.com\/2023\/wp-json\/wp\/v2\/posts\/206208\/revisions\/206215"}],"wp:featuredmedia":[{"embeddable":true,"href":"https:\/\/www.enteratever.com\/2023\/wp-json\/wp\/v2\/media\/206212"}],"wp:attachment":[{"href":"https:\/\/www.enteratever.com\/2023\/wp-json\/wp\/v2\/media?parent=206208"}],"wp:term":[{"taxonomy":"category","embeddable":true,"href":"https:\/\/www.enteratever.com\/2023\/wp-json\/wp\/v2\/categories?post=206208"},{"taxonomy":"post_tag","embeddable":true,"href":"https:\/\/www.enteratever.com\/2023\/wp-json\/wp\/v2\/tags?post=206208"}],"curies":[{"name":"wp","href":"https:\/\/api.w.org\/{rel}","templated":true}]}}