{"id":206162,"date":"2024-03-01T09:47:16","date_gmt":"2024-03-01T15:47:16","guid":{"rendered":"https:\/\/www.enteratever.com\/2023\/?p=206162"},"modified":"2024-03-01T09:47:18","modified_gmt":"2024-03-01T15:47:18","slug":"renuncia-susana-prieto-terrazas-al-grupo-parlamentario-de-morena-se-declara-sin-partido","status":"publish","type":"post","link":"https:\/\/www.enteratever.com\/2023\/2024\/03\/01\/renuncia-susana-prieto-terrazas-al-grupo-parlamentario-de-morena-se-declara-sin-partido\/","title":{"rendered":"Renuncia Susana Prieto Terrazas al Grupo Parlamentario de Morena; se declara sin partido"},"content":{"rendered":"<p>Visitas: 0<\/p>\n<p>La diputada Susana Prieto Terrazas inform\u00f3 que renunci\u00f3 al Grupo Parlamentario de Morena y se declar\u00f3 como diputada sin partido.<\/p>\n\n\n\n<p>Asegur\u00f3 que ha sido v\u00edctima de violencia pol\u00edtica por raz\u00f3n de g\u00e9nero y que se le excluy\u00f3 de la lista de candidatos para ser reelectos en la pr\u00f3xima Legislatura.<\/p>\n\n\n\n<p>\u201cEs insostenible mantenerme en el Grupo Parlamentario; primero, por los acuerdos que ha roto el presidente nacional del partido y que incluso ya hasta me han sido ratificado por el coordinador de la fracci\u00f3n parlamentaria en el que estaba yo supuestamente a continuar como parte del grupo legislativo por un periodo m\u00e1s, pero que finalmente han decidido que no sea as\u00ed. No esperaba menos de ellos\u201d, sostuvo en rueda de prensa.<\/p>\n\n\n\n<p>Aclar\u00f3 que perteneci\u00f3 al Grupo Parlamentario de Morena como diputada externa, es decir, no fue militante, y agradeci\u00f3 a Morena por invitarla a ser parte de esta bancada.<\/p>\n\n\n\n<p>\u201cMe he comportado de una forma correcta con la facci\u00f3n parlamentaria, con el partido, he sido disciplinada, pero yo creo que todo tiene un l\u00edmite, y ya a estas alturas me siento v\u00edctima de violencia pol\u00edtica por raz\u00f3n de g\u00e9nero\u201d, asever\u00f3.<\/p>\n\n\n\n<p>Indic\u00f3 que la gota que derram\u00f3 el vaso para tomar su decisi\u00f3n de renunciar a Morena fue que se haya incluido en la lista de candidatos plurinominales al Senado de la Rep\u00fablica al exgobernador de Chihuahua, Javier Corral Jurado, \u201cel peor gobernador que ha tenido mi estado en la historia\u201d.<\/p>\n\n\n\n<p>Adem\u00e1s, destac\u00f3 que tiene m\u00e1s de 20 iniciativas que se han frenado pr\u00e1cticamente en estos tres a\u00f1os en los que ha participado como legisladora.<\/p>\n\n\n\n<p>Prieto Terrazas resalt\u00f3 que la propuesta para reducir la jornada laboral de 48 a 40 horas por semana emana de una iniciativa suya; no obstante, ha sido excluida de manera deliberada, \u201ces tambi\u00e9n uno de los motivos por los cuales renunci\u00f3\u201d.<\/p>\n\n\n\n<p>Asever\u00f3 que no bajar\u00e1 la guardia para que el dictamen sobre la reforma en la reducci\u00f3n de 40 horas se apruebe, la cual \u201cno puede ser flexible ni paulatina\u201d.<\/p>\n\n\n\n<p>Reiter\u00f3 a las y los trabajadores que no les fallar\u00e1 en la reducci\u00f3n de la jornada laboral, a pesar de que se \u201cha jugado mucho con ella\u201d, por parte del coordinador de Morena y del presidente de la Junta de Coordinaci\u00f3n Pol\u00edtica (Jucopo), principalmente.<\/p>\n\n\n\n<p>\u201cLa reducci\u00f3n de la jornada laboral nunca hab\u00eda llegado tan lejos y ahora es un dictamen. Si se vota o no, hasta el \u00faltimo d\u00eda en que sea diputada, voy a seguir luchando por ella\u201d, abund\u00f3.<\/p>\n\n\n\n<p>RZJ<\/p>\n","protected":false},"excerpt":{"rendered":"<p>Visitas: 0 La diputada Susana Prieto Terrazas inform\u00f3 que renunci\u00f3 al Grupo Parlamentario de Morena y se declar\u00f3 como diputada sin partido. Asegur\u00f3 que ha sido v\u00edctima de violencia pol\u00edtica por raz\u00f3n de g\u00e9nero y que se le excluy\u00f3 de la lista de candidatos para ser reelectos en la pr\u00f3xima Legislatura. \u201cEs insostenible mantenerme en [&hellip;]<\/p>\n","protected":false},"author":2,"featured_media":206164,"comment_status":"open","ping_status":"open","sticky":false,"template":"","format":"standard","meta":{"footnotes":""},"categories":[252],"tags":[],"class_list":{"0":"post-206162","1":"post","2":"type-post","3":"status-publish","4":"format-standard","5":"has-post-thumbnail","7":"category-nacionales"},"nelio_content":{"isAutoShareEnabled":true,"autoShareEndMode":"never","automationSources":{"useCustomSentences":false,"customSentences":[]},"followers":[],"suggestedReferences":[],"efiUrl":"","efiAlt":"","highlights":[],"permalinkQueryArgs":[],"series":[]},"_links":{"self":[{"href":"https:\/\/www.enteratever.com\/2023\/wp-json\/wp\/v2\/posts\/206162","targetHints":{"allow":["GET"]}}],"collection":[{"href":"https:\/\/www.enteratever.com\/2023\/wp-json\/wp\/v2\/posts"}],"about":[{"href":"https:\/\/www.enteratever.com\/2023\/wp-json\/wp\/v2\/types\/post"}],"author":[{"embeddable":true,"href":"https:\/\/www.enteratever.com\/2023\/wp-json\/wp\/v2\/users\/2"}],"replies":[{"embeddable":true,"href":"https:\/\/www.enteratever.com\/2023\/wp-json\/wp\/v2\/comments?post=206162"}],"version-history":[{"count":1,"href":"https:\/\/www.enteratever.com\/2023\/wp-json\/wp\/v2\/posts\/206162\/revisions"}],"predecessor-version":[{"id":206170,"href":"https:\/\/www.enteratever.com\/2023\/wp-json\/wp\/v2\/posts\/206162\/revisions\/206170"}],"wp:featuredmedia":[{"embeddable":true,"href":"https:\/\/www.enteratever.com\/2023\/wp-json\/wp\/v2\/media\/206164"}],"wp:attachment":[{"href":"https:\/\/www.enteratever.com\/2023\/wp-json\/wp\/v2\/media?parent=206162"}],"wp:term":[{"taxonomy":"category","embeddable":true,"href":"https:\/\/www.enteratever.com\/2023\/wp-json\/wp\/v2\/categories?post=206162"},{"taxonomy":"post_tag","embeddable":true,"href":"https:\/\/www.enteratever.com\/2023\/wp-json\/wp\/v2\/tags?post=206162"}],"curies":[{"name":"wp","href":"https:\/\/api.w.org\/{rel}","templated":true}]}}