{"id":205859,"date":"2024-02-26T10:12:52","date_gmt":"2024-02-26T16:12:52","guid":{"rendered":"https:\/\/www.enteratever.com\/2023\/?p=205859"},"modified":"2024-02-26T10:12:54","modified_gmt":"2024-02-26T16:12:54","slug":"carmen-medel-reconoce-el-talento-y-la-dedicacion-de-la-juventud-en-minatitlan","status":"publish","type":"post","link":"https:\/\/www.enteratever.com\/2023\/2024\/02\/26\/carmen-medel-reconoce-el-talento-y-la-dedicacion-de-la-juventud-en-minatitlan\/","title":{"rendered":"Carmen Medel reconoce el talento y la dedicaci\u00f3n de la juventud en Minatitl\u00e1n"},"content":{"rendered":"<p>Visitas: 9<\/p>\n<p>Minatitl\u00e1n, Ver. &#8211; El Gobierno Municipal de Minatitl\u00e1n, encabezado por la doctora Carmen Medel Palma, reafirma su compromiso con la juventud a trav\u00e9s de la actividad \u00abJ\u00f3venes Impulsando J\u00f3venes\u00bb, llevada a cabo en el Colegio de Bachilleres del Estado de Veracruz (Cobaev) n\u00famero 42. En este evento, cuatro j\u00f3venes destacados de la regi\u00f3n compartieron sus experiencias profesionales e inspiraron a los asistentes a ser excelentes estudiantes.<\/p>\n\n\n\n<p>La doctora Medel Palma expres\u00f3 su orgullo por los j\u00f3venes de Minatitl\u00e1n y resalt\u00f3 que la juventud en M\u00e9xico es sin\u00f3nimo de transformaci\u00f3n, tal como lo ha enfatizado el Presidente de la Rep\u00fablica, Andr\u00e9s Manuel L\u00f3pez Obrador. El compromiso del presidente con la juventud se refleja en todo el pa\u00eds, por lo que en Minatitl\u00e1n se cuenta con una Casa de la Juventud, dirigida por Jos\u00e9 Alfredo Jim\u00e9nez Fonseca y Yanalit Toral Cazarin, Coordinadora de Juventud.<\/p>\n\n\n\n<p>Gracias al esfuerzo constante de estos l\u00edderes juveniles, hoy se dieron a conocer j\u00f3venes ejemplares como Ximena Yuan G\u00f3mez, estudiante de Medicina; Yamil Alonso Castillo R\u00edos, beisbolista minatitleco seleccionado por los Dodgers de Los \u00c1ngeles; Manuel Iturbe \u00c1lvarez, joven ingeniero agr\u00f3nomo ganadero exportador de ganado Sardo Negro en Centro y Norte Am\u00e9rica; y Naomi Edith G\u00f3mez Santos, joven abogada y activista por los derechos de las mujeres, actualmente regidora.<\/p>\n\n\n\n<p>Durante el evento, la doctora Medel Palma fue reconocida por el Director del COBAEV, Maestro, Miguel \u00c1ngel Mart\u00ednez, en un gesto que destaca su compromiso con el desarrollo y empoderamiento de la juventud en Minatitl\u00e1n.<\/p>\n","protected":false},"excerpt":{"rendered":"<p>Visitas: 9 Minatitl\u00e1n, Ver. &#8211; El Gobierno Municipal de Minatitl\u00e1n, encabezado por la doctora Carmen Medel Palma, reafirma su compromiso con la juventud a trav\u00e9s de la actividad \u00abJ\u00f3venes Impulsando J\u00f3venes\u00bb, llevada a cabo en el Colegio de Bachilleres del Estado de Veracruz (Cobaev) n\u00famero 42. En este evento, cuatro j\u00f3venes destacados de la regi\u00f3n [&hellip;]<\/p>\n","protected":false},"author":2,"featured_media":205862,"comment_status":"open","ping_status":"open","sticky":false,"template":"","format":"standard","meta":{"footnotes":""},"categories":[243,241],"tags":[],"class_list":{"0":"post-205859","1":"post","2":"type-post","3":"status-publish","4":"format-standard","5":"has-post-thumbnail","7":"category-minatitlan","8":"category-zona-sur"},"nelio_content":{"isAutoShareEnabled":true,"autoShareEndMode":"never","automationSources":{"useCustomSentences":false,"customSentences":[]},"followers":[],"suggestedReferences":[],"efiUrl":"","efiAlt":"","highlights":[],"permalinkQueryArgs":[],"series":[]},"_links":{"self":[{"href":"https:\/\/www.enteratever.com\/2023\/wp-json\/wp\/v2\/posts\/205859","targetHints":{"allow":["GET"]}}],"collection":[{"href":"https:\/\/www.enteratever.com\/2023\/wp-json\/wp\/v2\/posts"}],"about":[{"href":"https:\/\/www.enteratever.com\/2023\/wp-json\/wp\/v2\/types\/post"}],"author":[{"embeddable":true,"href":"https:\/\/www.enteratever.com\/2023\/wp-json\/wp\/v2\/users\/2"}],"replies":[{"embeddable":true,"href":"https:\/\/www.enteratever.com\/2023\/wp-json\/wp\/v2\/comments?post=205859"}],"version-history":[{"count":1,"href":"https:\/\/www.enteratever.com\/2023\/wp-json\/wp\/v2\/posts\/205859\/revisions"}],"predecessor-version":[{"id":205863,"href":"https:\/\/www.enteratever.com\/2023\/wp-json\/wp\/v2\/posts\/205859\/revisions\/205863"}],"wp:featuredmedia":[{"embeddable":true,"href":"https:\/\/www.enteratever.com\/2023\/wp-json\/wp\/v2\/media\/205862"}],"wp:attachment":[{"href":"https:\/\/www.enteratever.com\/2023\/wp-json\/wp\/v2\/media?parent=205859"}],"wp:term":[{"taxonomy":"category","embeddable":true,"href":"https:\/\/www.enteratever.com\/2023\/wp-json\/wp\/v2\/categories?post=205859"},{"taxonomy":"post_tag","embeddable":true,"href":"https:\/\/www.enteratever.com\/2023\/wp-json\/wp\/v2\/tags?post=205859"}],"curies":[{"name":"wp","href":"https:\/\/api.w.org\/{rel}","templated":true}]}}