{"id":205851,"date":"2024-02-26T09:34:45","date_gmt":"2024-02-26T15:34:45","guid":{"rendered":"https:\/\/www.enteratever.com\/2023\/?p=205851"},"modified":"2024-02-26T09:34:47","modified_gmt":"2024-02-26T15:34:47","slug":"se-inauguro-la-pavimentacion-con-concreto-hidraulico-de-la-calle-miguel-hidalgo-de-la-colonia-insurgentes","status":"publish","type":"post","link":"https:\/\/www.enteratever.com\/2023\/2024\/02\/26\/se-inauguro-la-pavimentacion-con-concreto-hidraulico-de-la-calle-miguel-hidalgo-de-la-colonia-insurgentes\/","title":{"rendered":"Se inaugur\u00f3 la pavimentaci\u00f3n con concreto hidr\u00e1ulico de la calle Miguel Hidalgo, de la colonia Insurgentes"},"content":{"rendered":"<p>Visitas: 3<\/p>\n<p>Como parte del compromiso de acercar bienestar y progreso a donde m\u00e1s se necesita, el gobierno de Tuxpan inaugur\u00f3 la construcci\u00f3n de pavimentaci\u00f3n con concreto hidr\u00e1ulico de la calle Miguel Hidalgo, de la colonia Insurgentes.<\/p>\n\n\n\n<p>El alcalde Jos\u00e9 Manuel Pozos Castro; la s\u00edndica \u00fanica Mtra. Beatriz Pi\u00f1a Vergara; las regidoras y los regidores Maryanela Monroy Flores, Anah\u00ed Aguilar L\u00f3pez, Juan G\u00f3mez Garc\u00eda, Luis Demetrio L\u00f3pez Mar\u00edn y Axel Bernal Herrera encabezaron la entrega de la obra.<\/p>\n\n\n\n<p>Se destinaron 2 millones 991 mil 732 pesos del Fondo de Aportaciones para la Infraestructura Social Municipal, para aplicar concreto hidr\u00e1ulico a 283 metros, entre las calles Leona Vicario e Ignacio Allende.<\/p>\n\n\n\n<p>El alcalde Jos\u00e9 Manuel Pozos mencion\u00f3 en su mensaje que quienes integran el cabildo se sienten orgullosos cada vez que inauguran una calle, porque son obras que benefician a la poblaci\u00f3n.<\/p>\n\n\n\n<p>\u201cPor eso les expreso mi reconocimiento, porque cada proyecto que se hace lleva el respaldo y la aprobaci\u00f3n de todos\u2026 porque desde el inicio de esta administraci\u00f3n nos hicimos el compromiso de que la justicia social y las obras lleguen a donde m\u00e1s se necesitan\u201d, dijo.<\/p>\n\n\n\n<p>Pozos Castro se\u00f1al\u00f3 la relevancia de esta urbanizaci\u00f3n, ya que se da un gran paso para enlazar calles importantes de las colonias Insurgentes, Obrera, Ampliaci\u00f3n Obrera y El Retiro.<\/p>\n\n\n\n<p>As\u00ed mismo, destac\u00f3 que hoy las obras se hacen con calidad, porque es la \u00fanica manera de que sean de gran utilidad y puedan durar muchos a\u00f1os. En ese sentido tambi\u00e9n agradeci\u00f3 a los vecinos de la calle que participaron supervisando este proyecto:<\/p>\n\n\n\n<p>\u201cCuando la sociedad participa y trabaja de la mano del gobierno, se logran obras y acciones que mejoran la calidad de vida de todos. Tengan la seguridad de que continuaremos trabajando muy cerca con ustedes, como lo hemos venido haciendo\u201d, finaliz\u00f3.<\/p>\n\n\n\n<p>La presidenta del Comit\u00e9 de Contralor\u00eda Social, Laura Heidi Gallardo Beltr\u00e1n, dio la bienvenida a las autoridades y agradeci\u00f3 por la obra, ya que -dijo- en m\u00e1s de 43 a\u00f1os no se hab\u00eda invertido en su colonia.<\/p>\n\n\n\n<p>Dijo que con esta calle se beneficiar\u00e1n todas las familias que ah\u00ed residen, pues ya no tendr\u00e1n que enlodarse en \u00e9poca de lluvia.<\/p>\n\n\n\n<p>Este evento tambi\u00e9n cont\u00f3 con la presencia de vecinos de la calle Miguel Hidalgo; Jes\u00fas Carballo Serrano, director de Desarrollo Social; Pedro de Jes\u00fas Espinoza P\u00e9rez, director de Obras P\u00fablicas; Inocente Hern\u00e1ndez Salinas y Evelio Santos Lecona, consejero y vocal comunitario, respectivamente, del Consejo de Desarrollo Municipal; directores y coordinadores de \u00e1rea del Ayuntamiento.<\/p>\n\n\n\n<p>COMUNICADO<\/p>\n","protected":false},"excerpt":{"rendered":"<p>Visitas: 3 Como parte del compromiso de acercar bienestar y progreso a donde m\u00e1s se necesita, el gobierno de Tuxpan inaugur\u00f3 la construcci\u00f3n de pavimentaci\u00f3n con concreto hidr\u00e1ulico de la calle Miguel Hidalgo, de la colonia Insurgentes. El alcalde Jos\u00e9 Manuel Pozos Castro; la s\u00edndica \u00fanica Mtra. Beatriz Pi\u00f1a Vergara; las regidoras y los regidores [&hellip;]<\/p>\n","protected":false},"author":2,"featured_media":205854,"comment_status":"open","ping_status":"open","sticky":false,"template":"","format":"standard","meta":{"footnotes":""},"categories":[220,219],"tags":[],"class_list":{"0":"post-205851","1":"post","2":"type-post","3":"status-publish","4":"format-standard","5":"has-post-thumbnail","7":"category-tuxpan","8":"category-zona-norte"},"nelio_content":{"isAutoShareEnabled":true,"autoShareEndMode":"never","automationSources":{"useCustomSentences":false,"customSentences":[]},"followers":[],"suggestedReferences":[],"efiUrl":"","efiAlt":"","highlights":[],"permalinkQueryArgs":[],"series":[]},"_links":{"self":[{"href":"https:\/\/www.enteratever.com\/2023\/wp-json\/wp\/v2\/posts\/205851","targetHints":{"allow":["GET"]}}],"collection":[{"href":"https:\/\/www.enteratever.com\/2023\/wp-json\/wp\/v2\/posts"}],"about":[{"href":"https:\/\/www.enteratever.com\/2023\/wp-json\/wp\/v2\/types\/post"}],"author":[{"embeddable":true,"href":"https:\/\/www.enteratever.com\/2023\/wp-json\/wp\/v2\/users\/2"}],"replies":[{"embeddable":true,"href":"https:\/\/www.enteratever.com\/2023\/wp-json\/wp\/v2\/comments?post=205851"}],"version-history":[{"count":1,"href":"https:\/\/www.enteratever.com\/2023\/wp-json\/wp\/v2\/posts\/205851\/revisions"}],"predecessor-version":[{"id":205855,"href":"https:\/\/www.enteratever.com\/2023\/wp-json\/wp\/v2\/posts\/205851\/revisions\/205855"}],"wp:featuredmedia":[{"embeddable":true,"href":"https:\/\/www.enteratever.com\/2023\/wp-json\/wp\/v2\/media\/205854"}],"wp:attachment":[{"href":"https:\/\/www.enteratever.com\/2023\/wp-json\/wp\/v2\/media?parent=205851"}],"wp:term":[{"taxonomy":"category","embeddable":true,"href":"https:\/\/www.enteratever.com\/2023\/wp-json\/wp\/v2\/categories?post=205851"},{"taxonomy":"post_tag","embeddable":true,"href":"https:\/\/www.enteratever.com\/2023\/wp-json\/wp\/v2\/tags?post=205851"}],"curies":[{"name":"wp","href":"https:\/\/api.w.org\/{rel}","templated":true}]}}