{"id":205812,"date":"2024-02-23T16:59:32","date_gmt":"2024-02-23T22:59:32","guid":{"rendered":"https:\/\/www.enteratever.com\/2023\/?p=205812"},"modified":"2024-02-23T16:59:41","modified_gmt":"2024-02-23T22:59:41","slug":"presenta-jaime-humberto-perez-a-quien-sera-su-companera-de-formula-por-el-distrito-06","status":"publish","type":"post","link":"https:\/\/www.enteratever.com\/2023\/2024\/02\/23\/presenta-jaime-humberto-perez-a-quien-sera-su-companera-de-formula-por-el-distrito-06\/","title":{"rendered":"Presenta Jaime Humberto P\u00e9rez a quien ser\u00e1 su compa\u00f1era de f\u00f3rmula por el distrito 06"},"content":{"rendered":"<p>Visitas: 32<\/p>\n<p>Mediante una rueda de prensa fue que el l\u00edder moral de MORENA, Jaime Humberto P\u00e9rez Bernabe, dio a conocer a quien ser\u00e1 su compa\u00f1era de f\u00f3rmula por la candidatura a Diputado Federal.<\/p>\n\n\n\n<p>Se trata de Victoria M\u00e9ndez San Agust\u00edn, originaria del municipio vecino de Coatzintla, teniendo en cuenta que en ese municipio y Cazones se integraron al distrito 06 de Papantla.<\/p>\n\n\n\n<p>Tambi\u00e9n el a\u00fan legislador tras los resultados de la encuesta y de ser favorecido por su trabajo legislativo aseguro que en pr\u00f3ximas semanas.<\/p>\n\n\n\n<div><a href=\"https:\/\/www.enteratever.com\/2023\/wp-content\/uploads\/2024\/02\/WhatsApp-Image-2024-02-23-at-4.47.26-PM.jpeg\" class=\"td-modal-image\"><figure class=\"wp-block-image size-full\"><img loading=\"lazy\" decoding=\"async\" width=\"1600\" height=\"1200\" src=\"https:\/\/www.enteratever.com\/2023\/wp-content\/uploads\/2024\/02\/WhatsApp-Image-2024-02-23-at-4.47.26-PM.jpeg\" alt=\"\" class=\"wp-image-205813\" srcset=\"https:\/\/www.enteratever.com\/2023\/wp-content\/uploads\/2024\/02\/WhatsApp-Image-2024-02-23-at-4.47.26-PM.jpeg 1600w, https:\/\/www.enteratever.com\/2023\/wp-content\/uploads\/2024\/02\/WhatsApp-Image-2024-02-23-at-4.47.26-PM-300x225.jpeg 300w, https:\/\/www.enteratever.com\/2023\/wp-content\/uploads\/2024\/02\/WhatsApp-Image-2024-02-23-at-4.47.26-PM-1024x768.jpeg 1024w, https:\/\/www.enteratever.com\/2023\/wp-content\/uploads\/2024\/02\/WhatsApp-Image-2024-02-23-at-4.47.26-PM-768x576.jpeg 768w, https:\/\/www.enteratever.com\/2023\/wp-content\/uploads\/2024\/02\/WhatsApp-Image-2024-02-23-at-4.47.26-PM-1536x1152.jpeg 1536w, https:\/\/www.enteratever.com\/2023\/wp-content\/uploads\/2024\/02\/WhatsApp-Image-2024-02-23-at-4.47.26-PM-150x113.jpeg 150w, https:\/\/www.enteratever.com\/2023\/wp-content\/uploads\/2024\/02\/WhatsApp-Image-2024-02-23-at-4.47.26-PM-696x522.jpeg 696w, https:\/\/www.enteratever.com\/2023\/wp-content\/uploads\/2024\/02\/WhatsApp-Image-2024-02-23-at-4.47.26-PM-1068x801.jpeg 1068w\" sizes=\"auto, (max-width: 1600px) 100vw, 1600px\" \/><\/figure><\/a><\/div>\n\n\n\n<p>estar\u00e1 recorriendo casa por casa y llevar el mensaje a las familias de este distrito 06 sobre la continuidad del proyecto de naci\u00f3n.<\/p>\n\n\n\n<p>Manifest\u00f3 que en este proceso va una mujer que conoce este distrito, siendo una mujer de izquierda, que se ha caracterizado por apoyar al movimiento de la Transformaci\u00f3n se\u00f1alando que \u201cEs tiempo de mujeres transformadoras de izquierda, que luchen por los espacios que se han alcanzado en este movimiento\u00bb.<\/p>\n\n\n\n<p>En cuanto al proceso ser\u00e1 de 90 d\u00edas y en Morena hay unidad, donde la coalici\u00f3n que conformaron con el Partido Verde Ecologistas y Partido del Trabajo.<\/p>\n","protected":false},"excerpt":{"rendered":"<p>Visitas: 32 Mediante una rueda de prensa fue que el l\u00edder moral de MORENA, Jaime Humberto P\u00e9rez Bernabe, dio a conocer a quien ser\u00e1 su compa\u00f1era de f\u00f3rmula por la candidatura a Diputado Federal. Se trata de Victoria M\u00e9ndez San Agust\u00edn, originaria del municipio vecino de Coatzintla, teniendo en cuenta que en ese municipio y [&hellip;]<\/p>\n","protected":false},"author":3,"featured_media":205814,"comment_status":"open","ping_status":"open","sticky":false,"template":"","format":"standard","meta":{"footnotes":""},"categories":[215,219],"tags":[41],"class_list":{"0":"post-205812","1":"post","2":"type-post","3":"status-publish","4":"format-standard","5":"has-post-thumbnail","7":"category-papantla","8":"category-zona-norte","9":"tag-portada"},"nelio_content":{"isAutoShareEnabled":true,"autoShareEndMode":"never","automationSources":{"useCustomSentences":false,"customSentences":[]},"followers":[],"suggestedReferences":[],"efiUrl":"","efiAlt":"","highlights":[],"permalinkQueryArgs":[],"series":[]},"_links":{"self":[{"href":"https:\/\/www.enteratever.com\/2023\/wp-json\/wp\/v2\/posts\/205812","targetHints":{"allow":["GET"]}}],"collection":[{"href":"https:\/\/www.enteratever.com\/2023\/wp-json\/wp\/v2\/posts"}],"about":[{"href":"https:\/\/www.enteratever.com\/2023\/wp-json\/wp\/v2\/types\/post"}],"author":[{"embeddable":true,"href":"https:\/\/www.enteratever.com\/2023\/wp-json\/wp\/v2\/users\/3"}],"replies":[{"embeddable":true,"href":"https:\/\/www.enteratever.com\/2023\/wp-json\/wp\/v2\/comments?post=205812"}],"version-history":[{"count":1,"href":"https:\/\/www.enteratever.com\/2023\/wp-json\/wp\/v2\/posts\/205812\/revisions"}],"predecessor-version":[{"id":205815,"href":"https:\/\/www.enteratever.com\/2023\/wp-json\/wp\/v2\/posts\/205812\/revisions\/205815"}],"wp:featuredmedia":[{"embeddable":true,"href":"https:\/\/www.enteratever.com\/2023\/wp-json\/wp\/v2\/media\/205814"}],"wp:attachment":[{"href":"https:\/\/www.enteratever.com\/2023\/wp-json\/wp\/v2\/media?parent=205812"}],"wp:term":[{"taxonomy":"category","embeddable":true,"href":"https:\/\/www.enteratever.com\/2023\/wp-json\/wp\/v2\/categories?post=205812"},{"taxonomy":"post_tag","embeddable":true,"href":"https:\/\/www.enteratever.com\/2023\/wp-json\/wp\/v2\/tags?post=205812"}],"curies":[{"name":"wp","href":"https:\/\/api.w.org\/{rel}","templated":true}]}}