{"id":205772,"date":"2024-02-23T10:07:23","date_gmt":"2024-02-23T16:07:23","guid":{"rendered":"https:\/\/www.enteratever.com\/2023\/?p=205772"},"modified":"2024-02-23T10:07:25","modified_gmt":"2024-02-23T16:07:25","slug":"minatitlan-se-une-por-un-futuro-sostenible-capacitacion-sobre-rsu-para-comerciantes-locales","status":"publish","type":"post","link":"https:\/\/www.enteratever.com\/2023\/2024\/02\/23\/minatitlan-se-une-por-un-futuro-sostenible-capacitacion-sobre-rsu-para-comerciantes-locales\/","title":{"rendered":"Minatitl\u00e1n se une por un futuro sostenible: Capacitaci\u00f3n sobre RSU para comerciantes locales"},"content":{"rendered":"<p>Visitas: 1<\/p>\n<p>Minatitl\u00e1n, Ver.- El municipio de Minatitl\u00e1n en coordinaci\u00f3n con la Secretar\u00eda de Medio Ambiente del Estado de Veracruz (SEDEMA), llev\u00f3 a cabo una capacitaci\u00f3n sobre Residuos S\u00f3lidos Urbanos (RSU) tanto org\u00e1nicos como inorg\u00e1nicos dirigida a m\u00e1s de 50 comerciantes locales.<\/p>\n\n\n\n<p>Las pl\u00e1ticas fueron impartidas por el Ing. Juan Carlos Contreras Bautista, titular de la dependencia estatal, quien destac\u00f3 la importancia de la separaci\u00f3n adecuada de los RSU para contribuir al cuidado del medio ambiente y la salud p\u00fablica.<\/p>\n\n\n\n<p>Durante la capacitaci\u00f3n, se explic\u00f3 detalladamente el proceso de separaci\u00f3n de los residuos s\u00f3lidos urbanos, as\u00ed como se inform\u00f3 a los comerciantes que de manera progresiva se seguir\u00e1n entregando contenedores espec\u00edficos para los residuos org\u00e1nicos.<\/p>\n\n\n\n<p>Jorge David Palavicini Rodr\u00edguez, responsable de la Direcci\u00f3n de Sustentabilidad y Medio Ambiente, mencion\u00f3 que estas acciones forman parte de las iniciativas impulsadas por el Gobierno Municipal, encabezado por la Doctora Carmen Medel Palma, para fomentar pr\u00e1cticas sostenibles y preservar el entorno natural.<\/p>\n","protected":false},"excerpt":{"rendered":"<p>Visitas: 1 Minatitl\u00e1n, Ver.- El municipio de Minatitl\u00e1n en coordinaci\u00f3n con la Secretar\u00eda de Medio Ambiente del Estado de Veracruz (SEDEMA), llev\u00f3 a cabo una capacitaci\u00f3n sobre Residuos S\u00f3lidos Urbanos (RSU) tanto org\u00e1nicos como inorg\u00e1nicos dirigida a m\u00e1s de 50 comerciantes locales. Las pl\u00e1ticas fueron impartidas por el Ing. Juan Carlos Contreras Bautista, titular de [&hellip;]<\/p>\n","protected":false},"author":2,"featured_media":205775,"comment_status":"open","ping_status":"open","sticky":false,"template":"","format":"standard","meta":{"footnotes":""},"categories":[243,241],"tags":[],"class_list":{"0":"post-205772","1":"post","2":"type-post","3":"status-publish","4":"format-standard","5":"has-post-thumbnail","7":"category-minatitlan","8":"category-zona-sur"},"nelio_content":{"isAutoShareEnabled":true,"autoShareEndMode":"never","automationSources":{"useCustomSentences":false,"customSentences":[]},"followers":[],"suggestedReferences":[],"efiUrl":"","efiAlt":"","highlights":[],"permalinkQueryArgs":[],"series":[]},"_links":{"self":[{"href":"https:\/\/www.enteratever.com\/2023\/wp-json\/wp\/v2\/posts\/205772","targetHints":{"allow":["GET"]}}],"collection":[{"href":"https:\/\/www.enteratever.com\/2023\/wp-json\/wp\/v2\/posts"}],"about":[{"href":"https:\/\/www.enteratever.com\/2023\/wp-json\/wp\/v2\/types\/post"}],"author":[{"embeddable":true,"href":"https:\/\/www.enteratever.com\/2023\/wp-json\/wp\/v2\/users\/2"}],"replies":[{"embeddable":true,"href":"https:\/\/www.enteratever.com\/2023\/wp-json\/wp\/v2\/comments?post=205772"}],"version-history":[{"count":1,"href":"https:\/\/www.enteratever.com\/2023\/wp-json\/wp\/v2\/posts\/205772\/revisions"}],"predecessor-version":[{"id":205776,"href":"https:\/\/www.enteratever.com\/2023\/wp-json\/wp\/v2\/posts\/205772\/revisions\/205776"}],"wp:featuredmedia":[{"embeddable":true,"href":"https:\/\/www.enteratever.com\/2023\/wp-json\/wp\/v2\/media\/205775"}],"wp:attachment":[{"href":"https:\/\/www.enteratever.com\/2023\/wp-json\/wp\/v2\/media?parent=205772"}],"wp:term":[{"taxonomy":"category","embeddable":true,"href":"https:\/\/www.enteratever.com\/2023\/wp-json\/wp\/v2\/categories?post=205772"},{"taxonomy":"post_tag","embeddable":true,"href":"https:\/\/www.enteratever.com\/2023\/wp-json\/wp\/v2\/tags?post=205772"}],"curies":[{"name":"wp","href":"https:\/\/api.w.org\/{rel}","templated":true}]}}