{"id":205646,"date":"2024-02-21T16:33:22","date_gmt":"2024-02-21T22:33:22","guid":{"rendered":"https:\/\/www.enteratever.com\/2023\/?p=205646"},"modified":"2024-02-21T16:33:29","modified_gmt":"2024-02-21T22:33:29","slug":"fallece-conocido-musico-papanteco","status":"publish","type":"post","link":"https:\/\/www.enteratever.com\/2023\/2024\/02\/21\/fallece-conocido-musico-papanteco\/","title":{"rendered":"Fallece conocido m\u00fasico papanteco"},"content":{"rendered":"<p>Visitas: 61<\/p>\n<p>La m\u00fasica de viento tradicional est\u00e1 de Luto. A trav\u00e9s de su cuenta oficial de la Banda M\u00fasica de Viento Tradicional Papantla se da a conocer la perdida de Ra\u00fal Garc\u00eda conocido como Rulo.<\/p>\n\n\n\n<p>Raul Garcia destac\u00f3 dentro de m\u00fasica tradicional siempre poniendo en alto la cultura totonaca su constancia y dedicaci\u00f3n lo hizo ser pionero e instruir a muchos j\u00f3venes en la m\u00fasica de viento, su nobleza y experiencia salieron muchas generaciones de m\u00fasica tradicional de banda de viento<\/p>\n\n\n\n<p>Hoy Papantla pierde un gran ser humano, pero prevalece en aquellos que aprendieron del gran maestro del Saxof\u00f3n.<\/p>\n\n\n\n<p>De acuerdo a la informaci\u00f3n compartida su cuerpo se velar\u00e1 en su domicilio, colonia Lazara Meldiu, calle Manuel Acu\u00f1a, del tanque de agua al fondo y ser\u00e1. sepultado el d\u00eda jueves.<\/p>\n","protected":false},"excerpt":{"rendered":"<p>Visitas: 61 La m\u00fasica de viento tradicional est\u00e1 de Luto. A trav\u00e9s de su cuenta oficial de la Banda M\u00fasica de Viento Tradicional Papantla se da a conocer la perdida de Ra\u00fal Garc\u00eda conocido como Rulo. Raul Garcia destac\u00f3 dentro de m\u00fasica tradicional siempre poniendo en alto la cultura totonaca su constancia y dedicaci\u00f3n lo [&hellip;]<\/p>\n","protected":false},"author":3,"featured_media":205649,"comment_status":"open","ping_status":"open","sticky":false,"template":"","format":"standard","meta":{"footnotes":""},"categories":[215,219],"tags":[41],"class_list":{"0":"post-205646","1":"post","2":"type-post","3":"status-publish","4":"format-standard","5":"has-post-thumbnail","7":"category-papantla","8":"category-zona-norte","9":"tag-portada"},"nelio_content":{"isAutoShareEnabled":true,"autoShareEndMode":"never","automationSources":{"useCustomSentences":false,"customSentences":[]},"followers":[],"suggestedReferences":[],"efiUrl":"","efiAlt":"","highlights":[],"permalinkQueryArgs":[],"series":[]},"_links":{"self":[{"href":"https:\/\/www.enteratever.com\/2023\/wp-json\/wp\/v2\/posts\/205646","targetHints":{"allow":["GET"]}}],"collection":[{"href":"https:\/\/www.enteratever.com\/2023\/wp-json\/wp\/v2\/posts"}],"about":[{"href":"https:\/\/www.enteratever.com\/2023\/wp-json\/wp\/v2\/types\/post"}],"author":[{"embeddable":true,"href":"https:\/\/www.enteratever.com\/2023\/wp-json\/wp\/v2\/users\/3"}],"replies":[{"embeddable":true,"href":"https:\/\/www.enteratever.com\/2023\/wp-json\/wp\/v2\/comments?post=205646"}],"version-history":[{"count":1,"href":"https:\/\/www.enteratever.com\/2023\/wp-json\/wp\/v2\/posts\/205646\/revisions"}],"predecessor-version":[{"id":205650,"href":"https:\/\/www.enteratever.com\/2023\/wp-json\/wp\/v2\/posts\/205646\/revisions\/205650"}],"wp:featuredmedia":[{"embeddable":true,"href":"https:\/\/www.enteratever.com\/2023\/wp-json\/wp\/v2\/media\/205649"}],"wp:attachment":[{"href":"https:\/\/www.enteratever.com\/2023\/wp-json\/wp\/v2\/media?parent=205646"}],"wp:term":[{"taxonomy":"category","embeddable":true,"href":"https:\/\/www.enteratever.com\/2023\/wp-json\/wp\/v2\/categories?post=205646"},{"taxonomy":"post_tag","embeddable":true,"href":"https:\/\/www.enteratever.com\/2023\/wp-json\/wp\/v2\/tags?post=205646"}],"curies":[{"name":"wp","href":"https:\/\/api.w.org\/{rel}","templated":true}]}}